{"id":572,"date":"2020-05-22T09:41:27","date_gmt":"2020-05-22T09:41:27","guid":{"rendered":"https:\/\/www.vivevelez.com\/?p=572"},"modified":"2025-01-17T10:24:08","modified_gmt":"2025-01-17T10:24:08","slug":"comercio-local-comercio-amigo","status":"publish","type":"post","link":"https:\/\/www.vivevelez.com\/index.php\/2020\/05\/22\/comercio-local-comercio-amigo\/","title":{"rendered":"Comercio local, comercio amigo&#8230;"},"content":{"rendered":"\n<p>Definici\u00f3n;<\/p>\n\n\n\n<p><em>El consumo local o econom\u00eda local hace referencia al esfuerzo colaborativo para construir econom\u00edas basadas en productos de la localidad, comarca o regi\u00f3n. Espec\u00edficamente en el \u00e1mbito de la alimentaci\u00f3n, hace referencia a la producci\u00f3n, procesamiento, distribuci\u00f3n y consumo integrados para mejorar la econom\u00eda, medio ambiente, salud y relaciones sociales de un lugar en particular1\u200b y se considera parte de un movimiento m\u00e1s amplio, como es el del movimiento sostenible. El t\u00e9rmino forma parte de la compra local y la econom\u00eda basada en la comunidad, es decir, en la preferencia para comprar bienes y servicios producidos localmente.<\/em>  Fuente : Wikipedia\u200b<\/p>\n\n\n\n<figure class=\"wp-block-image aligncenter size-large is-resized\"><img loading=\"lazy\" decoding=\"async\" width=\"400\" height=\"400\" src=\"https:\/\/www.vivevelez.com\/wp-content\/uploads\/2020\/05\/comercio-local.jpg\" alt=\"\" class=\"wp-image-573\" style=\"width:426px;height:426px\" srcset=\"https:\/\/www.vivevelez.com\/wp-content\/uploads\/2020\/05\/comercio-local.jpg 400w, https:\/\/www.vivevelez.com\/wp-content\/uploads\/2020\/05\/comercio-local-300x300.jpg 300w, https:\/\/www.vivevelez.com\/wp-content\/uploads\/2020\/05\/comercio-local-150x150.jpg 150w, https:\/\/www.vivevelez.com\/wp-content\/uploads\/2020\/05\/comercio-local-100x100.jpg 100w\" sizes=\"auto, (max-width: 400px) 100vw, 400px\" \/><\/figure>\n\n\n\n<p>V\u00e9lez-M\u00e1laga: Tiene una gran importancia el comercio en la historia como capital de comarca y por su situaci\u00f3n geogr\u00e1fica, as\u00ed los Fenicios, Romanos y otras civilizaciones lo demostraron instal\u00e1ndose en estas tierras durante siglos y dejando huella del mismo.<\/p>\n\n\n\n<figure class=\"wp-block-image size-large\"><img loading=\"lazy\" decoding=\"async\" width=\"1024\" height=\"575\" src=\"https:\/\/www.vivevelez.com\/wp-content\/uploads\/2020\/05\/IMG_20170510_130506-1024x575.jpg\" alt=\"\" class=\"wp-image-574\" srcset=\"https:\/\/www.vivevelez.com\/wp-content\/uploads\/2020\/05\/IMG_20170510_130506-1024x575.jpg 1024w, https:\/\/www.vivevelez.com\/wp-content\/uploads\/2020\/05\/IMG_20170510_130506-300x168.jpg 300w, https:\/\/www.vivevelez.com\/wp-content\/uploads\/2020\/05\/IMG_20170510_130506-768x431.jpg 768w, https:\/\/www.vivevelez.com\/wp-content\/uploads\/2020\/05\/IMG_20170510_130506.jpg 1179w\" sizes=\"auto, (max-width: 1024px) 100vw, 1024px\" \/><figcaption class=\"wp-element-caption\">Los Fenicios una civilizaci\u00f3n que basaba su econom\u00eda en el comercio.<\/figcaption><\/figure>\n\n\n\n<p>En nuestros d\u00edas, (m\u00e1xime ahora con el Covid 19 y sus consecuencias), debemos darnos cuenta lo que significa para nuestro municipio el que apoyemos a nuestros comerciantes y empresarios en estos tiempos dif\u00edciles. Apoyar al peque\u00f1o empresario es f\u00e1cil es simple y muy aconsejable, ya que fomentas tu ciudad y hacer que crezca nuestra econom\u00eda, adem\u00e1s ellos te lo agradecer\u00e1n mucho m\u00e1s y seguro que hacen que la rueda no se detenga y a su vez consuman en otros negocios locales.<\/p>\n\n\n\n<figure class=\"wp-block-gallery has-nested-images columns-default is-cropped wp-block-gallery-1 is-layout-flex wp-block-gallery-is-layout-flex\">\n<figure class=\"wp-block-image size-large\"><img loading=\"lazy\" decoding=\"async\" width=\"512\" height=\"197\" data-id=\"575\" src=\"https:\/\/www.vivevelez.com\/wp-content\/uploads\/2020\/05\/unnamed.png\" alt=\"\" class=\"wp-image-575\" srcset=\"https:\/\/www.vivevelez.com\/wp-content\/uploads\/2020\/05\/unnamed.png 512w, https:\/\/www.vivevelez.com\/wp-content\/uploads\/2020\/05\/unnamed-300x115.png 300w\" sizes=\"auto, (max-width: 512px) 100vw, 512px\" \/><\/figure>\n<\/figure>\n\n\n\n<p>El peque\u00f1o comercio siempre ha competido con grande superficies, grandes cadenas de alimentaci\u00f3n, franquicias y ahora m\u00e1s que nunca el comercio online, pues bien tan solo depende de nosotros que ellos sigan con sus puertas abiertas y mantengan el trabajo de sus empleados, si de tus amigos, de tus familiares o de tus vecinos, en general generamos vida para la ciudad y nuestros pueblos.<\/p>\n\n\n\n<figure class=\"wp-block-image size-large\"><img loading=\"lazy\" decoding=\"async\" width=\"627\" height=\"960\" src=\"https:\/\/www.vivevelez.com\/wp-content\/uploads\/2020\/05\/75481770_809652252825689_3473634253240008704_o.jpg\" alt=\"\" class=\"wp-image-576\" srcset=\"https:\/\/www.vivevelez.com\/wp-content\/uploads\/2020\/05\/75481770_809652252825689_3473634253240008704_o.jpg 627w, https:\/\/www.vivevelez.com\/wp-content\/uploads\/2020\/05\/75481770_809652252825689_3473634253240008704_o-196x300.jpg 196w\" sizes=\"auto, (max-width: 627px) 100vw, 627px\" \/><\/figure>\n\n\n\n<p>Bares, fruter\u00edas, peluquer\u00edas, especialistas m\u00e9dicos, mercer\u00edas, pescader\u00edas, panaderias, kioskos, tiendas de moda, zapater\u00edas, charcuter\u00edas y ultramarinos, tiendas de decoraci\u00f3n, papeler\u00edas, y todo loq eu se te ocurra m\u00e1s, sin olvidar a nuestros art\u00edstas; artesanos,  pintores, m\u00fasicos, alfareros etc.<\/p>\n\n\n\n<p><strong>Nuestros 10 Mandamientos<\/strong><\/p>\n\n\n\n<p>1\u00ba- Compraras en tu barrio y adorar\u00e1s su productos.<\/p>\n\n\n\n<p>2\u00ba- Antes de buscar productos en internet, consulta a tu comercio amigo.<\/p>\n\n\n\n<p>3\u00ba- No desear\u00e1s el mal de comercio local.<\/p>\n\n\n\n<p>4\u00ba- Compara precios y si cuestan un poco m\u00e1s, compralo igual, tene que mantener tu calle limpia y bonita.<\/p>\n\n\n\n<p>5\u00ba- La visita a las grandes supercicies est\u00e1 permitida , pero no es obligatoria.<\/p>\n\n\n\n<p>6\u00ba &#8211; Consulta en redes sociales, igual ese producto que necesitas lo tienes muy cerca de t\u00ed.<\/p>\n\n\n\n<p>7\u00ba &#8211; Ayudar\u00e1s a promocionar a los comercios locales, ellos har\u00e1n lo mismo dandote las gracias.<\/p>\n\n\n\n<p>8\u00ba- Recuerda que a la mayor\u00eda de los comercios puedes ir caminado, con lo que conlleva de beneficio para la salud.<\/p>\n\n\n\n<p>9\u00ba- No olvides dar las gracias al comerciante por mantener su negocio abierto, ni fu\u00e9, y mucho menos es, f\u00e1cil mantenerlo e incluso generar trabajo.<\/p>\n\n\n\n<p>10\u00ba- Las ciudades las hacemos los vecinos, una ciudad sin comercio es una ciudad sin vida, sin econom\u00eda y sin esperanza. Compra en tu ciudad.<\/p>\n\n\n\n<figure class=\"wp-block-image size-large\"><img loading=\"lazy\" decoding=\"async\" width=\"1024\" height=\"507\" src=\"https:\/\/www.vivevelez.com\/wp-content\/uploads\/2020\/05\/Captura-de-pantalla-2020-05-12-11.27.15-1024x507.png\" alt=\"\" class=\"wp-image-579\" srcset=\"https:\/\/www.vivevelez.com\/wp-content\/uploads\/2020\/05\/Captura-de-pantalla-2020-05-12-11.27.15-1024x507.png 1024w, https:\/\/www.vivevelez.com\/wp-content\/uploads\/2020\/05\/Captura-de-pantalla-2020-05-12-11.27.15-300x149.png 300w, https:\/\/www.vivevelez.com\/wp-content\/uploads\/2020\/05\/Captura-de-pantalla-2020-05-12-11.27.15-768x380.png 768w, https:\/\/www.vivevelez.com\/wp-content\/uploads\/2020\/05\/Captura-de-pantalla-2020-05-12-11.27.15.png 1339w\" sizes=\"auto, (max-width: 1024px) 100vw, 1024px\" \/><figcaption class=\"wp-element-caption\">VIVE VELEZ Y SUS PUEBLOS. Foto Jose Maria Ruiz<\/figcaption><\/figure>\n\n\n\n<p>Siguiendo las normativas y normas del estado y de los propios comerciantes compra, vende, pasea sobre todo, disfruta de tu barrio, en tu ciudad\u2026<\/p>\n\n\n<p class=\"wp-block-tag-cloud\"><a href=\"https:\/\/www.vivevelez.com\/index.php\/tag\/3rutaajobacalao-iloveajobacalao-ajobacalao-cultura-patrimonio-semanasantavelezmalaga-velezmalaga-vivevelez\/\" class=\"tag-cloud-link tag-link-38 tag-link-position-1\" style=\"font-size: 8pt;\" aria-label=\"#3rutaajobacalao #iloveajobacalao #ajobacalao #cultura #patrimonio #semanasantavelezmalaga #velezmalaga #vivevelez (1 elemento)\">#3rutaajobacalao #iloveajobacalao #ajobacalao #cultura #patrimonio #semanasantavelezmalaga #velezmalaga #vivevelez<\/a>\n<a href=\"https:\/\/www.vivevelez.com\/index.php\/tag\/ajobacalao\/\" class=\"tag-cloud-link tag-link-23 tag-link-position-2\" style=\"font-size: 13.25pt;\" aria-label=\"ajobacalao (2 elementos)\">ajobacalao<\/a>\n<a href=\"https:\/\/www.vivevelez.com\/index.php\/tag\/arte\/\" class=\"tag-cloud-link tag-link-14 tag-link-position-3\" style=\"font-size: 8pt;\" aria-label=\"arte (1 elemento)\">arte<\/a>\n<a href=\"https:\/\/www.vivevelez.com\/index.php\/tag\/artesania\/\" class=\"tag-cloud-link tag-link-16 tag-link-position-4\" style=\"font-size: 8pt;\" aria-label=\"artesania (1 elemento)\">artesania<\/a>\n<a href=\"https:\/\/www.vivevelez.com\/index.php\/tag\/axarquia\/\" class=\"tag-cloud-link tag-link-11 tag-link-position-5\" style=\"font-size: 8pt;\" aria-label=\"axarquia (1 elemento)\">axarquia<\/a>\n<a href=\"https:\/\/www.vivevelez.com\/index.php\/tag\/barrios\/\" class=\"tag-cloud-link tag-link-20 tag-link-position-6\" style=\"font-size: 8pt;\" aria-label=\"barrios (1 elemento)\">barrios<\/a>\n<a href=\"https:\/\/www.vivevelez.com\/index.php\/tag\/ciudad\/\" class=\"tag-cloud-link tag-link-12 tag-link-position-7\" style=\"font-size: 8pt;\" aria-label=\"ciudad (1 elemento)\">ciudad<\/a>\n<a href=\"https:\/\/www.vivevelez.com\/index.php\/tag\/comerio\/\" class=\"tag-cloud-link tag-link-24 tag-link-position-8\" style=\"font-size: 8pt;\" aria-label=\"comerio (1 elemento)\">comerio<\/a>\n<a href=\"https:\/\/www.vivevelez.com\/index.php\/tag\/cuaresma\/\" class=\"tag-cloud-link tag-link-27 tag-link-position-9\" style=\"font-size: 8pt;\" aria-label=\"cuaresma (1 elemento)\">cuaresma<\/a>\n<a href=\"https:\/\/www.vivevelez.com\/index.php\/tag\/cultura\/\" class=\"tag-cloud-link tag-link-9 tag-link-position-10\" style=\"font-size: 19.666666666667pt;\" aria-label=\"cultura (4 elementos)\">cultura<\/a>\n<a href=\"https:\/\/www.vivevelez.com\/index.php\/tag\/esculturas\/\" class=\"tag-cloud-link tag-link-17 tag-link-position-11\" style=\"font-size: 8pt;\" aria-label=\"esculturas (1 elemento)\">esculturas<\/a>\n<a href=\"https:\/\/www.vivevelez.com\/index.php\/tag\/fernandoelcatolico\/\" class=\"tag-cloud-link tag-link-10 tag-link-position-12\" style=\"font-size: 8pt;\" aria-label=\"fernandoelcatolico (1 elemento)\">fernandoelcatolico<\/a>\n<a href=\"https:\/\/www.vivevelez.com\/index.php\/tag\/fitur\/\" class=\"tag-cloud-link tag-link-21 tag-link-position-13\" style=\"font-size: 8pt;\" aria-label=\"fitur (1 elemento)\">fitur<\/a>\n<a href=\"https:\/\/www.vivevelez.com\/index.php\/tag\/historia\/\" class=\"tag-cloud-link tag-link-6 tag-link-position-14\" style=\"font-size: 19.666666666667pt;\" aria-label=\"historia (4 elementos)\">historia<\/a>\n<a href=\"https:\/\/www.vivevelez.com\/index.php\/tag\/hombres-de-trono\/\" class=\"tag-cloud-link tag-link-28 tag-link-position-15\" style=\"font-size: 13.25pt;\" aria-label=\"hombres de trono (2 elementos)\">hombres de trono<\/a>\n<a href=\"https:\/\/www.vivevelez.com\/index.php\/tag\/horquilleros\/\" class=\"tag-cloud-link tag-link-29 tag-link-position-16\" style=\"font-size: 13.25pt;\" aria-label=\"horquilleros. (2 elementos)\">horquilleros.<\/a>\n<a href=\"https:\/\/www.vivevelez.com\/index.php\/tag\/hosteleria\/\" class=\"tag-cloud-link tag-link-25 tag-link-position-17\" style=\"font-size: 8pt;\" aria-label=\"hosteleria (1 elemento)\">hosteleria<\/a>\n<a href=\"https:\/\/www.vivevelez.com\/index.php\/tag\/malaga\/\" class=\"tag-cloud-link tag-link-13 tag-link-position-18\" style=\"font-size: 16.75pt;\" aria-label=\"malaga (3 elementos)\">malaga<\/a>\n<a href=\"https:\/\/www.vivevelez.com\/index.php\/tag\/oficios\/\" class=\"tag-cloud-link tag-link-15 tag-link-position-19\" style=\"font-size: 8pt;\" aria-label=\"oficios (1 elemento)\">oficios<\/a>\n<a href=\"https:\/\/www.vivevelez.com\/index.php\/tag\/reconquista\/\" class=\"tag-cloud-link tag-link-7 tag-link-position-20\" style=\"font-size: 8pt;\" aria-label=\"reconquista (1 elemento)\">reconquista<\/a>\n<a href=\"https:\/\/www.vivevelez.com\/index.php\/tag\/semanasanta\/\" class=\"tag-cloud-link tag-link-26 tag-link-position-21\" style=\"font-size: 13.25pt;\" aria-label=\"semanasanta (2 elementos)\">semanasanta<\/a>\n<a href=\"https:\/\/www.vivevelez.com\/index.php\/tag\/tradicion\/\" class=\"tag-cloud-link tag-link-18 tag-link-position-22\" style=\"font-size: 19.666666666667pt;\" aria-label=\"tradici\u00f3n (4 elementos)\">tradici\u00f3n<\/a>\n<a href=\"https:\/\/www.vivevelez.com\/index.php\/tag\/turismo\/\" class=\"tag-cloud-link tag-link-8 tag-link-position-23\" style=\"font-size: 22pt;\" aria-label=\"turismo (5 elementos)\">turismo<\/a>\n<a href=\"https:\/\/www.vivevelez.com\/index.php\/tag\/velez\/\" class=\"tag-cloud-link tag-link-22 tag-link-position-24\" style=\"font-size: 8pt;\" aria-label=\"velez (1 elemento)\">velez<\/a>\n<a href=\"https:\/\/www.vivevelez.com\/index.php\/tag\/velezmalaga\/\" class=\"tag-cloud-link tag-link-5 tag-link-position-25\" style=\"font-size: 19.666666666667pt;\" aria-label=\"velezmalaga (4 elementos)\">velezmalaga<\/a><\/p>\n\n\n<ul class=\"wp-block-social-links is-layout-flex wp-block-social-links-is-layout-flex\"><li class=\"wp-social-link wp-social-link-wordpress  wp-block-social-link\"><a href=\"https:\/\/wordpress.org\" class=\"wp-block-social-link-anchor\"><svg width=\"24\" height=\"24\" viewBox=\"0 0 24 24\" version=\"1.1\" xmlns=\"http:\/\/www.w3.org\/2000\/svg\" aria-hidden=\"true\" focusable=\"false\"><path d=\"M12.158,12.786L9.46,20.625c0.806,0.237,1.657,0.366,2.54,0.366c1.047,0,2.051-0.181,2.986-0.51 c-0.024-0.038-0.046-0.079-0.065-0.124L12.158,12.786z M3.009,12c0,3.559,2.068,6.634,5.067,8.092L3.788,8.341 C3.289,9.459,3.009,10.696,3.009,12z M18.069,11.546c0-1.112-0.399-1.881-0.741-2.48c-0.456-0.741-0.883-1.368-0.883-2.109 c0-0.826,0.627-1.596,1.51-1.596c0.04,0,0.078,0.005,0.116,0.007C16.472,3.904,14.34,3.009,12,3.009 c-3.141,0-5.904,1.612-7.512,4.052c0.211,0.007,0.41,0.011,0.579,0.011c0.94,0,2.396-0.114,2.396-0.114 C7.947,6.93,8.004,7.642,7.52,7.699c0,0-0.487,0.057-1.029,0.085l3.274,9.739l1.968-5.901l-1.401-3.838 C9.848,7.756,9.389,7.699,9.389,7.699C8.904,7.67,8.961,6.93,9.446,6.958c0,0,1.484,0.114,2.368,0.114 c0.94,0,2.397-0.114,2.397-0.114c0.485-0.028,0.542,0.684,0.057,0.741c0,0-0.488,0.057-1.029,0.085l3.249,9.665l0.897-2.996 C17.841,13.284,18.069,12.316,18.069,11.546z M19.889,7.686c0.039,0.286,0.06,0.593,0.06,0.924c0,0.912-0.171,1.938-0.684,3.22 l-2.746,7.94c2.673-1.558,4.47-4.454,4.47-7.771C20.991,10.436,20.591,8.967,19.889,7.686z M12,22C6.486,22,2,17.514,2,12 C2,6.486,6.486,2,12,2c5.514,0,10,4.486,10,10C22,17.514,17.514,22,12,22z\"><\/path><\/svg><span class=\"wp-block-social-link-label screen-reader-text\">WordPress<\/span><\/a><\/li>\n\n<li class=\"wp-social-link wp-social-link-facebook  wp-block-social-link\"><a href=\"https:\/\/www.facebook.com\/ViVeVelez2105\/\" class=\"wp-block-social-link-anchor\"><svg width=\"24\" height=\"24\" viewBox=\"0 0 24 24\" version=\"1.1\" xmlns=\"http:\/\/www.w3.org\/2000\/svg\" aria-hidden=\"true\" focusable=\"false\"><path d=\"M12 2C6.5 2 2 6.5 2 12c0 5 3.7 9.1 8.4 9.9v-7H7.9V12h2.5V9.8c0-2.5 1.5-3.9 3.8-3.9 1.1 0 2.2.2 2.2.2v2.5h-1.3c-1.2 0-1.6.8-1.6 1.6V12h2.8l-.4 2.9h-2.3v7C18.3 21.1 22 17 22 12c0-5.5-4.5-10-10-10z\"><\/path><\/svg><span class=\"wp-block-social-link-label screen-reader-text\">Facebook<\/span><\/a><\/li>\n\n<li class=\"wp-social-link wp-social-link-twitter  wp-block-social-link\"><a href=\"https:\/\/twitter.com\/home\" class=\"wp-block-social-link-anchor\"><svg width=\"24\" height=\"24\" viewBox=\"0 0 24 24\" version=\"1.1\" xmlns=\"http:\/\/www.w3.org\/2000\/svg\" aria-hidden=\"true\" focusable=\"false\"><path d=\"M22.23,5.924c-0.736,0.326-1.527,0.547-2.357,0.646c0.847-0.508,1.498-1.312,1.804-2.27 c-0.793,0.47-1.671,0.812-2.606,0.996C18.324,4.498,17.257,4,16.077,4c-2.266,0-4.103,1.837-4.103,4.103 c0,0.322,0.036,0.635,0.106,0.935C8.67,8.867,5.647,7.234,3.623,4.751C3.27,5.357,3.067,6.062,3.067,6.814 c0,1.424,0.724,2.679,1.825,3.415c-0.673-0.021-1.305-0.206-1.859-0.513c0,0.017,0,0.034,0,0.052c0,1.988,1.414,3.647,3.292,4.023 c-0.344,0.094-0.707,0.144-1.081,0.144c-0.264,0-0.521-0.026-0.772-0.074c0.522,1.63,2.038,2.816,3.833,2.85 c-1.404,1.1-3.174,1.756-5.096,1.756c-0.331,0-0.658-0.019-0.979-0.057c1.816,1.164,3.973,1.843,6.29,1.843 c7.547,0,11.675-6.252,11.675-11.675c0-0.178-0.004-0.355-0.012-0.531C20.985,7.47,21.68,6.747,22.23,5.924z\"><\/path><\/svg><span class=\"wp-block-social-link-label screen-reader-text\">Twitter<\/span><\/a><\/li>\n\n\n\n\n\n<\/ul>\n\n\n\n<p><\/p>\n","protected":false},"excerpt":{"rendered":"<p>Definici\u00f3n; El consumo local o econom\u00eda local hace referencia al esfuerzo colaborativo para construir econom\u00edas basadas en productos de la localidad, comarca o regi\u00f3n. Espec\u00edficamente en el \u00e1mbito de la alimentaci\u00f3n, hace referencia a la producci\u00f3n, procesamiento, distribuci\u00f3n y consumo integrados para mejorar la econom\u00eda, medio ambiente, salud y relaciones sociales de un lugar en [&hellip;]<\/p>\n","protected":false},"author":1,"featured_media":887,"comment_status":"open","ping_status":"open","sticky":false,"template":"","format":"standard","meta":{"footnotes":""},"categories":[37,1],"tags":[],"class_list":["post-572","post","type-post","status-publish","format-standard","has-post-thumbnail","hentry","category-comercios","category-sin-categoria"],"yoast_head":"<!-- This site is optimized with the Yoast SEO plugin v27.1.1 - https:\/\/yoast.com\/product\/yoast-seo-wordpress\/ -->\n<title>Comercio local, comercio amigo... - vivevelez.com<\/title>\n<meta name=\"robots\" content=\"index, follow, max-snippet:-1, max-image-preview:large, max-video-preview:-1\" \/>\n<link rel=\"canonical\" href=\"https:\/\/www.vivevelez.com\/index.php\/2020\/05\/22\/comercio-local-comercio-amigo\/\" \/>\n<meta property=\"og:locale\" content=\"es_ES\" \/>\n<meta property=\"og:type\" content=\"article\" \/>\n<meta property=\"og:title\" content=\"Comercio local, comercio amigo... - vivevelez.com\" \/>\n<meta property=\"og:description\" content=\"Definici\u00f3n; El consumo local o econom\u00eda local hace referencia al esfuerzo colaborativo para construir econom\u00edas basadas en productos de la localidad, comarca o regi\u00f3n. Espec\u00edficamente en el \u00e1mbito de la alimentaci\u00f3n, hace referencia a la producci\u00f3n, procesamiento, distribuci\u00f3n y consumo integrados para mejorar la econom\u00eda, medio ambiente, salud y relaciones sociales de un lugar en [&hellip;]\" \/>\n<meta property=\"og:url\" content=\"https:\/\/www.vivevelez.com\/index.php\/2020\/05\/22\/comercio-local-comercio-amigo\/\" \/>\n<meta property=\"og:site_name\" content=\"vivevelez.com\" \/>\n<meta property=\"article:published_time\" content=\"2020-05-22T09:41:27+00:00\" \/>\n<meta property=\"article:modified_time\" content=\"2025-01-17T10:24:08+00:00\" \/>\n<meta property=\"og:image\" content=\"https:\/\/www.vivevelez.com\/wp-content\/uploads\/2020\/05\/Captura-de-Pantalla-2025-01-17-a-las-11.21.55.png\" \/>\n\t<meta property=\"og:image:width\" content=\"445\" \/>\n\t<meta property=\"og:image:height\" content=\"227\" \/>\n\t<meta property=\"og:image:type\" content=\"image\/png\" \/>\n<meta name=\"author\" content=\"admin\" \/>\n<meta name=\"twitter:card\" content=\"summary_large_image\" \/>\n<meta name=\"twitter:label1\" content=\"Escrito por\" \/>\n\t<meta name=\"twitter:data1\" content=\"admin\" \/>\n\t<meta name=\"twitter:label2\" content=\"Tiempo de lectura\" \/>\n\t<meta name=\"twitter:data2\" content=\"4 minutos\" \/>\n<script type=\"application\/ld+json\" class=\"yoast-schema-graph\">{\"@context\":\"https:\/\/schema.org\",\"@graph\":[{\"@type\":\"Article\",\"@id\":\"https:\/\/www.vivevelez.com\/index.php\/2020\/05\/22\/comercio-local-comercio-amigo\/#article\",\"isPartOf\":{\"@id\":\"https:\/\/www.vivevelez.com\/index.php\/2020\/05\/22\/comercio-local-comercio-amigo\/\"},\"author\":{\"name\":\"admin\",\"@id\":\"https:\/\/www.vivevelez.com\/#\/schema\/person\/047e5b44c2425d65897f0833569c9458\"},\"headline\":\"Comercio local, comercio amigo&#8230;\",\"datePublished\":\"2020-05-22T09:41:27+00:00\",\"dateModified\":\"2025-01-17T10:24:08+00:00\",\"mainEntityOfPage\":{\"@id\":\"https:\/\/www.vivevelez.com\/index.php\/2020\/05\/22\/comercio-local-comercio-amigo\/\"},\"wordCount\":585,\"commentCount\":0,\"publisher\":{\"@id\":\"https:\/\/www.vivevelez.com\/#organization\"},\"image\":{\"@id\":\"https:\/\/www.vivevelez.com\/index.php\/2020\/05\/22\/comercio-local-comercio-amigo\/#primaryimage\"},\"thumbnailUrl\":\"https:\/\/www.vivevelez.com\/wp-content\/uploads\/2020\/05\/Captura-de-Pantalla-2025-01-17-a-las-11.21.55.png\",\"articleSection\":[\"Comercios\",\"Sin Categoria\"],\"inLanguage\":\"es\",\"potentialAction\":[{\"@type\":\"CommentAction\",\"name\":\"Comment\",\"target\":[\"https:\/\/www.vivevelez.com\/index.php\/2020\/05\/22\/comercio-local-comercio-amigo\/#respond\"]}]},{\"@type\":\"WebPage\",\"@id\":\"https:\/\/www.vivevelez.com\/index.php\/2020\/05\/22\/comercio-local-comercio-amigo\/\",\"url\":\"https:\/\/www.vivevelez.com\/index.php\/2020\/05\/22\/comercio-local-comercio-amigo\/\",\"name\":\"Comercio local, comercio amigo... - vivevelez.com\",\"isPartOf\":{\"@id\":\"https:\/\/www.vivevelez.com\/#website\"},\"primaryImageOfPage\":{\"@id\":\"https:\/\/www.vivevelez.com\/index.php\/2020\/05\/22\/comercio-local-comercio-amigo\/#primaryimage\"},\"image\":{\"@id\":\"https:\/\/www.vivevelez.com\/index.php\/2020\/05\/22\/comercio-local-comercio-amigo\/#primaryimage\"},\"thumbnailUrl\":\"https:\/\/www.vivevelez.com\/wp-content\/uploads\/2020\/05\/Captura-de-Pantalla-2025-01-17-a-las-11.21.55.png\",\"datePublished\":\"2020-05-22T09:41:27+00:00\",\"dateModified\":\"2025-01-17T10:24:08+00:00\",\"breadcrumb\":{\"@id\":\"https:\/\/www.vivevelez.com\/index.php\/2020\/05\/22\/comercio-local-comercio-amigo\/#breadcrumb\"},\"inLanguage\":\"es\",\"potentialAction\":[{\"@type\":\"ReadAction\",\"target\":[\"https:\/\/www.vivevelez.com\/index.php\/2020\/05\/22\/comercio-local-comercio-amigo\/\"]}]},{\"@type\":\"ImageObject\",\"inLanguage\":\"es\",\"@id\":\"https:\/\/www.vivevelez.com\/index.php\/2020\/05\/22\/comercio-local-comercio-amigo\/#primaryimage\",\"url\":\"https:\/\/www.vivevelez.com\/wp-content\/uploads\/2020\/05\/Captura-de-Pantalla-2025-01-17-a-las-11.21.55.png\",\"contentUrl\":\"https:\/\/www.vivevelez.com\/wp-content\/uploads\/2020\/05\/Captura-de-Pantalla-2025-01-17-a-las-11.21.55.png\",\"width\":445,\"height\":227,\"caption\":\"comprar en tiendas de barrio\"},{\"@type\":\"BreadcrumbList\",\"@id\":\"https:\/\/www.vivevelez.com\/index.php\/2020\/05\/22\/comercio-local-comercio-amigo\/#breadcrumb\",\"itemListElement\":[{\"@type\":\"ListItem\",\"position\":1,\"name\":\"Portada\",\"item\":\"https:\/\/www.vivevelez.com\/\"},{\"@type\":\"ListItem\",\"position\":2,\"name\":\"Comercio local, comercio amigo&#8230;\"}]},{\"@type\":\"WebSite\",\"@id\":\"https:\/\/www.vivevelez.com\/#website\",\"url\":\"https:\/\/www.vivevelez.com\/\",\"name\":\"vivevelez.com\",\"description\":\"V&eacute;lez-M&aacute;laga; Historia,Cultura,Gastronom&iacute;a,Arte,Lugares,Oficios,Personajes\",\"publisher\":{\"@id\":\"https:\/\/www.vivevelez.com\/#organization\"},\"potentialAction\":[{\"@type\":\"SearchAction\",\"target\":{\"@type\":\"EntryPoint\",\"urlTemplate\":\"https:\/\/www.vivevelez.com\/?s={search_term_string}\"},\"query-input\":{\"@type\":\"PropertyValueSpecification\",\"valueRequired\":true,\"valueName\":\"search_term_string\"}}],\"inLanguage\":\"es\"},{\"@type\":\"Organization\",\"@id\":\"https:\/\/www.vivevelez.com\/#organization\",\"name\":\"vivevelez.com\",\"url\":\"https:\/\/www.vivevelez.com\/\",\"logo\":{\"@type\":\"ImageObject\",\"inLanguage\":\"es\",\"@id\":\"https:\/\/www.vivevelez.com\/#\/schema\/logo\/image\/\",\"url\":\"https:\/\/www.vivevelez.com\/wp-content\/uploads\/2025\/01\/vive-velez.jpg\",\"contentUrl\":\"https:\/\/www.vivevelez.com\/wp-content\/uploads\/2025\/01\/vive-velez.jpg\",\"width\":1600,\"height\":566,\"caption\":\"vivevelez.com\"},\"image\":{\"@id\":\"https:\/\/www.vivevelez.com\/#\/schema\/logo\/image\/\"}},{\"@type\":\"Person\",\"@id\":\"https:\/\/www.vivevelez.com\/#\/schema\/person\/047e5b44c2425d65897f0833569c9458\",\"name\":\"admin\",\"image\":{\"@type\":\"ImageObject\",\"inLanguage\":\"es\",\"@id\":\"https:\/\/www.vivevelez.com\/#\/schema\/person\/image\/\",\"url\":\"https:\/\/www.vivevelez.com\/wp-content\/litespeed\/avatar\/b5b4d53f9cc33442ffa73d95c6dcb97b.jpg?ver=1777402196\",\"contentUrl\":\"https:\/\/www.vivevelez.com\/wp-content\/litespeed\/avatar\/b5b4d53f9cc33442ffa73d95c6dcb97b.jpg?ver=1777402196\",\"caption\":\"admin\"},\"url\":\"https:\/\/www.vivevelez.com\/index.php\/author\/admin\/\"}]}<\/script>\n<!-- \/ Yoast SEO plugin. -->","yoast_head_json":{"title":"Comercio local, comercio amigo... - vivevelez.com","robots":{"index":"index","follow":"follow","max-snippet":"max-snippet:-1","max-image-preview":"max-image-preview:large","max-video-preview":"max-video-preview:-1"},"canonical":"https:\/\/www.vivevelez.com\/index.php\/2020\/05\/22\/comercio-local-comercio-amigo\/","og_locale":"es_ES","og_type":"article","og_title":"Comercio local, comercio amigo... - vivevelez.com","og_description":"Definici\u00f3n; El consumo local o econom\u00eda local hace referencia al esfuerzo colaborativo para construir econom\u00edas basadas en productos de la localidad, comarca o regi\u00f3n. Espec\u00edficamente en el \u00e1mbito de la alimentaci\u00f3n, hace referencia a la producci\u00f3n, procesamiento, distribuci\u00f3n y consumo integrados para mejorar la econom\u00eda, medio ambiente, salud y relaciones sociales de un lugar en [&hellip;]","og_url":"https:\/\/www.vivevelez.com\/index.php\/2020\/05\/22\/comercio-local-comercio-amigo\/","og_site_name":"vivevelez.com","article_published_time":"2020-05-22T09:41:27+00:00","article_modified_time":"2025-01-17T10:24:08+00:00","og_image":[{"width":445,"height":227,"url":"https:\/\/www.vivevelez.com\/wp-content\/uploads\/2020\/05\/Captura-de-Pantalla-2025-01-17-a-las-11.21.55.png","type":"image\/png"}],"author":"admin","twitter_card":"summary_large_image","twitter_misc":{"Escrito por":"admin","Tiempo de lectura":"4 minutos"},"schema":{"@context":"https:\/\/schema.org","@graph":[{"@type":"Article","@id":"https:\/\/www.vivevelez.com\/index.php\/2020\/05\/22\/comercio-local-comercio-amigo\/#article","isPartOf":{"@id":"https:\/\/www.vivevelez.com\/index.php\/2020\/05\/22\/comercio-local-comercio-amigo\/"},"author":{"name":"admin","@id":"https:\/\/www.vivevelez.com\/#\/schema\/person\/047e5b44c2425d65897f0833569c9458"},"headline":"Comercio local, comercio amigo&#8230;","datePublished":"2020-05-22T09:41:27+00:00","dateModified":"2025-01-17T10:24:08+00:00","mainEntityOfPage":{"@id":"https:\/\/www.vivevelez.com\/index.php\/2020\/05\/22\/comercio-local-comercio-amigo\/"},"wordCount":585,"commentCount":0,"publisher":{"@id":"https:\/\/www.vivevelez.com\/#organization"},"image":{"@id":"https:\/\/www.vivevelez.com\/index.php\/2020\/05\/22\/comercio-local-comercio-amigo\/#primaryimage"},"thumbnailUrl":"https:\/\/www.vivevelez.com\/wp-content\/uploads\/2020\/05\/Captura-de-Pantalla-2025-01-17-a-las-11.21.55.png","articleSection":["Comercios","Sin Categoria"],"inLanguage":"es","potentialAction":[{"@type":"CommentAction","name":"Comment","target":["https:\/\/www.vivevelez.com\/index.php\/2020\/05\/22\/comercio-local-comercio-amigo\/#respond"]}]},{"@type":"WebPage","@id":"https:\/\/www.vivevelez.com\/index.php\/2020\/05\/22\/comercio-local-comercio-amigo\/","url":"https:\/\/www.vivevelez.com\/index.php\/2020\/05\/22\/comercio-local-comercio-amigo\/","name":"Comercio local, comercio amigo... - vivevelez.com","isPartOf":{"@id":"https:\/\/www.vivevelez.com\/#website"},"primaryImageOfPage":{"@id":"https:\/\/www.vivevelez.com\/index.php\/2020\/05\/22\/comercio-local-comercio-amigo\/#primaryimage"},"image":{"@id":"https:\/\/www.vivevelez.com\/index.php\/2020\/05\/22\/comercio-local-comercio-amigo\/#primaryimage"},"thumbnailUrl":"https:\/\/www.vivevelez.com\/wp-content\/uploads\/2020\/05\/Captura-de-Pantalla-2025-01-17-a-las-11.21.55.png","datePublished":"2020-05-22T09:41:27+00:00","dateModified":"2025-01-17T10:24:08+00:00","breadcrumb":{"@id":"https:\/\/www.vivevelez.com\/index.php\/2020\/05\/22\/comercio-local-comercio-amigo\/#breadcrumb"},"inLanguage":"es","potentialAction":[{"@type":"ReadAction","target":["https:\/\/www.vivevelez.com\/index.php\/2020\/05\/22\/comercio-local-comercio-amigo\/"]}]},{"@type":"ImageObject","inLanguage":"es","@id":"https:\/\/www.vivevelez.com\/index.php\/2020\/05\/22\/comercio-local-comercio-amigo\/#primaryimage","url":"https:\/\/www.vivevelez.com\/wp-content\/uploads\/2020\/05\/Captura-de-Pantalla-2025-01-17-a-las-11.21.55.png","contentUrl":"https:\/\/www.vivevelez.com\/wp-content\/uploads\/2020\/05\/Captura-de-Pantalla-2025-01-17-a-las-11.21.55.png","width":445,"height":227,"caption":"comprar en tiendas de barrio"},{"@type":"BreadcrumbList","@id":"https:\/\/www.vivevelez.com\/index.php\/2020\/05\/22\/comercio-local-comercio-amigo\/#breadcrumb","itemListElement":[{"@type":"ListItem","position":1,"name":"Portada","item":"https:\/\/www.vivevelez.com\/"},{"@type":"ListItem","position":2,"name":"Comercio local, comercio amigo&#8230;"}]},{"@type":"WebSite","@id":"https:\/\/www.vivevelez.com\/#website","url":"https:\/\/www.vivevelez.com\/","name":"vivevelez.com","description":"V&eacute;lez-M&aacute;laga; Historia,Cultura,Gastronom&iacute;a,Arte,Lugares,Oficios,Personajes","publisher":{"@id":"https:\/\/www.vivevelez.com\/#organization"},"potentialAction":[{"@type":"SearchAction","target":{"@type":"EntryPoint","urlTemplate":"https:\/\/www.vivevelez.com\/?s={search_term_string}"},"query-input":{"@type":"PropertyValueSpecification","valueRequired":true,"valueName":"search_term_string"}}],"inLanguage":"es"},{"@type":"Organization","@id":"https:\/\/www.vivevelez.com\/#organization","name":"vivevelez.com","url":"https:\/\/www.vivevelez.com\/","logo":{"@type":"ImageObject","inLanguage":"es","@id":"https:\/\/www.vivevelez.com\/#\/schema\/logo\/image\/","url":"https:\/\/www.vivevelez.com\/wp-content\/uploads\/2025\/01\/vive-velez.jpg","contentUrl":"https:\/\/www.vivevelez.com\/wp-content\/uploads\/2025\/01\/vive-velez.jpg","width":1600,"height":566,"caption":"vivevelez.com"},"image":{"@id":"https:\/\/www.vivevelez.com\/#\/schema\/logo\/image\/"}},{"@type":"Person","@id":"https:\/\/www.vivevelez.com\/#\/schema\/person\/047e5b44c2425d65897f0833569c9458","name":"admin","image":{"@type":"ImageObject","inLanguage":"es","@id":"https:\/\/www.vivevelez.com\/#\/schema\/person\/image\/","url":"https:\/\/www.vivevelez.com\/wp-content\/litespeed\/avatar\/b5b4d53f9cc33442ffa73d95c6dcb97b.jpg?ver=1777402196","contentUrl":"https:\/\/www.vivevelez.com\/wp-content\/litespeed\/avatar\/b5b4d53f9cc33442ffa73d95c6dcb97b.jpg?ver=1777402196","caption":"admin"},"url":"https:\/\/www.vivevelez.com\/index.php\/author\/admin\/"}]}},"_links":{"self":[{"href":"https:\/\/www.vivevelez.com\/index.php\/wp-json\/wp\/v2\/posts\/572","targetHints":{"allow":["GET"]}}],"collection":[{"href":"https:\/\/www.vivevelez.com\/index.php\/wp-json\/wp\/v2\/posts"}],"about":[{"href":"https:\/\/www.vivevelez.com\/index.php\/wp-json\/wp\/v2\/types\/post"}],"author":[{"embeddable":true,"href":"https:\/\/www.vivevelez.com\/index.php\/wp-json\/wp\/v2\/users\/1"}],"replies":[{"embeddable":true,"href":"https:\/\/www.vivevelez.com\/index.php\/wp-json\/wp\/v2\/comments?post=572"}],"version-history":[{"count":2,"href":"https:\/\/www.vivevelez.com\/index.php\/wp-json\/wp\/v2\/posts\/572\/revisions"}],"predecessor-version":[{"id":870,"href":"https:\/\/www.vivevelez.com\/index.php\/wp-json\/wp\/v2\/posts\/572\/revisions\/870"}],"wp:featuredmedia":[{"embeddable":true,"href":"https:\/\/www.vivevelez.com\/index.php\/wp-json\/wp\/v2\/media\/887"}],"wp:attachment":[{"href":"https:\/\/www.vivevelez.com\/index.php\/wp-json\/wp\/v2\/media?parent=572"}],"wp:term":[{"taxonomy":"category","embeddable":true,"href":"https:\/\/www.vivevelez.com\/index.php\/wp-json\/wp\/v2\/categories?post=572"},{"taxonomy":"post_tag","embeddable":true,"href":"https:\/\/www.vivevelez.com\/index.php\/wp-json\/wp\/v2\/tags?post=572"}],"curies":[{"name":"wp","href":"https:\/\/api.w.org\/{rel}","templated":true}]}}