{"id":760,"date":"2022-03-29T07:28:24","date_gmt":"2022-03-29T07:28:24","guid":{"rendered":"https:\/\/www.vivevelez.com\/?p=760"},"modified":"2025-02-11T15:01:13","modified_gmt":"2025-02-11T15:01:13","slug":"ruta-del-ajobacalao-2022","status":"publish","type":"post","link":"https:\/\/www.vivevelez.com\/index.php\/2022\/03\/29\/ruta-del-ajobacalao-2022\/","title":{"rendered":"I ruta del ajobacalao"},"content":{"rendered":"\n<p class=\"has-text-align-center\">I Ruta del Ajobacalao V\u00e9lez -M\u00e1laga 2022<\/p>\n\n\n\n<figure class=\"wp-block-image aligncenter size-large\"><img decoding=\"async\" src=\"https:\/\/www.vivevelez.com\/wp-content\/uploads\/2022\/03\/cartel-ajobacalao.jpg\" alt=\"\" class=\"wp-image-763\"\/><\/figure>\n\n\n\n<p><\/p>\n\n\n\n<p><strong>I  RUTA DEL AJOBACALAO&nbsp;&nbsp;&nbsp;&nbsp; V\u00c9LEZ \u2013 M\u00c1LAGA 2022<\/strong><\/p>\n\n\n\n<p>La Ruta del Ajobacalao es una iniciativa que busca la promoci\u00f3n de nuestros hosteleros y comercios, en general, junto al m\u00e1s popular y \u00fanico de nuestros platos de Semana Santa y (ya permanentemente), como es el AJOBACALAO VELE\u00d1O.<\/p>\n\n\n\n<p>Para ello nos hemos unido; la Delegaci\u00f3n de Comercio de Ayuntamiento de V\u00e9lez \u2013M\u00e1laga, la Delegaci\u00f3n de Nuevas Tecnolog\u00edas, la (ACEV), Asociaci\u00f3n de Comerciantes y Empresarios de V\u00e9lez \u2013 M\u00e1laga, las marcas promocionales&nbsp; Vivevelez y Axarqu\u00eda MGusta,&nbsp; y con la con ello intentamos llegar m\u00e1s lejos para una&nbsp; mayor difusi\u00f3n de la actividad, que al final es lo que cuenta.<\/p>\n\n\n\n<p>En lo referente a la actividad en s\u00ed; &nbsp;\u201cLa ruta del Ajobacalao\u201d, tiene varias l\u00edneas de promoci\u00f3n y participaci\u00f3n;<\/p>\n\n\n\n<p>1\u00ba PROMOCIONAR, a todo aquel que quiera participar de manera gratuita con su establecimiento en las distintas redes sociales, donde aparecer\u00e1n sus productos y datos de contacto, (tiendas de alimentaci\u00f3n, carnicer\u00edas, bares y restaurantes, etc.).<\/p>\n\n\n\n<p>2\u00ba CONCURSO DE VIDEO;<\/p>\n\n\n\n<p>En un formato de no m\u00e1s de 5 segundos intentar explicar con qui\u00e9n, donde y como te comes el AJOBACALAO, una manera amena y divertida.<\/p>\n\n\n\n<p>Premio\u2026150\u20ac<\/p>\n\n\n\n<p>3\u00ba CONCURSO DE FOTOGRAF\u00cdA<\/p>\n\n\n\n<p>Env\u00eda 1 fotograf\u00eda original de t\u00fa AJOBACALAO, en el bar, en tu casa, en tu cofrad\u00eda, en la tienda o donde quieras.<\/p>\n\n\n\n<p>Premio\u202650\u20ac<\/p>\n\n\n\n<p>ENVIAR LOS VIDEOS Y LAS FOTOS A;<\/p>\n\n\n\n<p>M\u00d3VIL; 664601819<\/p>\n\n\n\n<p>MENSAJE&nbsp; PRIVADO A VIVEVELEZ EN FACEBOOK<\/p>\n\n\n\n<p>Nota; El jurado, compuesto por profesionales de mundo digital, de la Semana Santa vele\u00f1a y organizadores de la ruta, ofrecer\u00e1n su veredicto en los 10 d\u00edas siguientes a la finalizaci\u00f3n del mismo. Siendo comunicado directamente a los ganadores y publicado con posterioridad en las redes sociales y web de Vive Velez.<\/p>\n\n\n\n<p>ANIVERSARIO<\/p>\n\n\n\n<p>Y con motivo del aniversario del I Curso que realizamos del Ajobacalao, que ahora cumple 10 a\u00f1os, os dejo este peque\u00f1o homenaje aquella aventura, con nuestro amigo y colaborador Manolo Ru\u00edz.<\/p>\n\n\n\n<figure class=\"wp-block-image size-large\"><img loading=\"lazy\" decoding=\"async\" width=\"639\" height=\"1024\" src=\"https:\/\/www.vivevelez.com\/wp-content\/uploads\/2022\/03\/cartel-talleres-ajobacalao-version-definitiva-639x1024.jpg\" alt=\"\" class=\"wp-image-771\" srcset=\"https:\/\/www.vivevelez.com\/wp-content\/uploads\/2022\/03\/cartel-talleres-ajobacalao-version-definitiva-639x1024.jpg 639w, https:\/\/www.vivevelez.com\/wp-content\/uploads\/2022\/03\/cartel-talleres-ajobacalao-version-definitiva-187x300.jpg 187w, https:\/\/www.vivevelez.com\/wp-content\/uploads\/2022\/03\/cartel-talleres-ajobacalao-version-definitiva-768x1230.jpg 768w, https:\/\/www.vivevelez.com\/wp-content\/uploads\/2022\/03\/cartel-talleres-ajobacalao-version-definitiva-959x1536.jpg 959w, https:\/\/www.vivevelez.com\/wp-content\/uploads\/2022\/03\/cartel-talleres-ajobacalao-version-definitiva.jpg 999w\" sizes=\"auto, (max-width: 639px) 100vw, 639px\" \/><figcaption class=\"wp-element-caption\">Unas fotillos de recuerdo, a\u00f1o 2012<\/figcaption><\/figure>\n\n\n\n<figure class=\"wp-block-gallery has-nested-images columns-default is-cropped wp-block-gallery-1 is-layout-flex wp-block-gallery-is-layout-flex\">\n<figure class=\"wp-block-image size-large\"><img loading=\"lazy\" decoding=\"async\" width=\"640\" height=\"478\" data-id=\"772\" src=\"https:\/\/www.vivevelez.com\/wp-content\/uploads\/2022\/03\/428757_378913168798940_157215900968669_1302527_231048595_n.jpg\" alt=\"\" class=\"wp-image-772\" srcset=\"https:\/\/www.vivevelez.com\/wp-content\/uploads\/2022\/03\/428757_378913168798940_157215900968669_1302527_231048595_n.jpg 640w, https:\/\/www.vivevelez.com\/wp-content\/uploads\/2022\/03\/428757_378913168798940_157215900968669_1302527_231048595_n-300x224.jpg 300w\" sizes=\"auto, (max-width: 640px) 100vw, 640px\" \/><\/figure>\n\n\n\n<figure class=\"wp-block-image size-large\"><img loading=\"lazy\" decoding=\"async\" width=\"1024\" height=\"768\" data-id=\"774\" src=\"https:\/\/www.vivevelez.com\/wp-content\/uploads\/2022\/03\/Taller-del-Ajobacalao-006-1024x768.jpg\" alt=\"\" class=\"wp-image-774\" srcset=\"https:\/\/www.vivevelez.com\/wp-content\/uploads\/2022\/03\/Taller-del-Ajobacalao-006-1024x768.jpg 1024w, https:\/\/www.vivevelez.com\/wp-content\/uploads\/2022\/03\/Taller-del-Ajobacalao-006-300x225.jpg 300w, https:\/\/www.vivevelez.com\/wp-content\/uploads\/2022\/03\/Taller-del-Ajobacalao-006-768x576.jpg 768w, https:\/\/www.vivevelez.com\/wp-content\/uploads\/2022\/03\/Taller-del-Ajobacalao-006-1536x1152.jpg 1536w, https:\/\/www.vivevelez.com\/wp-content\/uploads\/2022\/03\/Taller-del-Ajobacalao-006.jpg 2048w\" sizes=\"auto, (max-width: 1024px) 100vw, 1024px\" \/><\/figure>\n\n\n\n<figure class=\"wp-block-image size-large\"><img loading=\"lazy\" decoding=\"async\" width=\"1024\" height=\"576\" data-id=\"775\" src=\"https:\/\/www.vivevelez.com\/wp-content\/uploads\/2022\/03\/DSC_0158-1024x576.jpg\" alt=\"\" class=\"wp-image-775\" srcset=\"https:\/\/www.vivevelez.com\/wp-content\/uploads\/2022\/03\/DSC_0158-1024x576.jpg 1024w, https:\/\/www.vivevelez.com\/wp-content\/uploads\/2022\/03\/DSC_0158-300x169.jpg 300w, https:\/\/www.vivevelez.com\/wp-content\/uploads\/2022\/03\/DSC_0158-768x432.jpg 768w, https:\/\/www.vivevelez.com\/wp-content\/uploads\/2022\/03\/DSC_0158-1536x864.jpg 1536w, https:\/\/www.vivevelez.com\/wp-content\/uploads\/2022\/03\/DSC_0158-2048x1152.jpg 2048w\" sizes=\"auto, (max-width: 1024px) 100vw, 1024px\" \/><\/figure>\n\n\n\n<figure class=\"wp-block-image size-large\"><img loading=\"lazy\" decoding=\"async\" width=\"1024\" height=\"576\" data-id=\"777\" src=\"https:\/\/www.vivevelez.com\/wp-content\/uploads\/2022\/03\/DSC_0185-1024x576.jpg\" alt=\"\" class=\"wp-image-777\" srcset=\"https:\/\/www.vivevelez.com\/wp-content\/uploads\/2022\/03\/DSC_0185-1024x576.jpg 1024w, https:\/\/www.vivevelez.com\/wp-content\/uploads\/2022\/03\/DSC_0185-300x169.jpg 300w, https:\/\/www.vivevelez.com\/wp-content\/uploads\/2022\/03\/DSC_0185-768x432.jpg 768w, https:\/\/www.vivevelez.com\/wp-content\/uploads\/2022\/03\/DSC_0185-1536x864.jpg 1536w, https:\/\/www.vivevelez.com\/wp-content\/uploads\/2022\/03\/DSC_0185-2048x1152.jpg 2048w\" sizes=\"auto, (max-width: 1024px) 100vw, 1024px\" \/><\/figure>\n\n\n\n<figure class=\"wp-block-image size-large\"><img loading=\"lazy\" decoding=\"async\" width=\"640\" height=\"480\" data-id=\"779\" src=\"https:\/\/www.vivevelez.com\/wp-content\/uploads\/2022\/03\/talleres-ajobacalao-hosteleria.jpg\" alt=\"\" class=\"wp-image-779\" srcset=\"https:\/\/www.vivevelez.com\/wp-content\/uploads\/2022\/03\/talleres-ajobacalao-hosteleria.jpg 640w, https:\/\/www.vivevelez.com\/wp-content\/uploads\/2022\/03\/talleres-ajobacalao-hosteleria-300x225.jpg 300w\" sizes=\"auto, (max-width: 640px) 100vw, 640px\" \/><\/figure>\n\n\n\n<figure class=\"wp-block-image size-large\"><img loading=\"lazy\" decoding=\"async\" width=\"259\" height=\"194\" data-id=\"780\" src=\"https:\/\/www.vivevelez.com\/wp-content\/uploads\/2022\/03\/untitled.png\" alt=\"\" class=\"wp-image-780\"\/><\/figure>\n\n\n\n<figure class=\"wp-block-image size-large\"><img loading=\"lazy\" decoding=\"async\" width=\"1024\" height=\"576\" data-id=\"781\" src=\"https:\/\/www.vivevelez.com\/wp-content\/uploads\/2022\/03\/DSC_0175-1024x576.jpg\" alt=\"\" class=\"wp-image-781\" srcset=\"https:\/\/www.vivevelez.com\/wp-content\/uploads\/2022\/03\/DSC_0175-1024x576.jpg 1024w, https:\/\/www.vivevelez.com\/wp-content\/uploads\/2022\/03\/DSC_0175-300x169.jpg 300w, https:\/\/www.vivevelez.com\/wp-content\/uploads\/2022\/03\/DSC_0175-768x432.jpg 768w, https:\/\/www.vivevelez.com\/wp-content\/uploads\/2022\/03\/DSC_0175-1536x864.jpg 1536w, https:\/\/www.vivevelez.com\/wp-content\/uploads\/2022\/03\/DSC_0175-2048x1152.jpg 2048w\" sizes=\"auto, (max-width: 1024px) 100vw, 1024px\" \/><\/figure>\n\n\n\n<figure class=\"wp-block-image size-large\"><img loading=\"lazy\" decoding=\"async\" width=\"1024\" height=\"576\" data-id=\"782\" src=\"https:\/\/www.vivevelez.com\/wp-content\/uploads\/2022\/03\/DSC_0177-1024x576.jpg\" alt=\"\" class=\"wp-image-782\" srcset=\"https:\/\/www.vivevelez.com\/wp-content\/uploads\/2022\/03\/DSC_0177-1024x576.jpg 1024w, https:\/\/www.vivevelez.com\/wp-content\/uploads\/2022\/03\/DSC_0177-300x169.jpg 300w, https:\/\/www.vivevelez.com\/wp-content\/uploads\/2022\/03\/DSC_0177-768x432.jpg 768w, https:\/\/www.vivevelez.com\/wp-content\/uploads\/2022\/03\/DSC_0177-1536x864.jpg 1536w, https:\/\/www.vivevelez.com\/wp-content\/uploads\/2022\/03\/DSC_0177-2048x1152.jpg 2048w\" sizes=\"auto, (max-width: 1024px) 100vw, 1024px\" \/><\/figure>\n\n\n\n<figure class=\"wp-block-image size-large\"><img loading=\"lazy\" decoding=\"async\" width=\"640\" height=\"480\" data-id=\"783\" src=\"https:\/\/www.vivevelez.com\/wp-content\/uploads\/2022\/03\/taller-ajobacalao-vecinos-16.jpg\" alt=\"\" class=\"wp-image-783\" srcset=\"https:\/\/www.vivevelez.com\/wp-content\/uploads\/2022\/03\/taller-ajobacalao-vecinos-16.jpg 640w, https:\/\/www.vivevelez.com\/wp-content\/uploads\/2022\/03\/taller-ajobacalao-vecinos-16-300x225.jpg 300w\" sizes=\"auto, (max-width: 640px) 100vw, 640px\" \/><\/figure>\n<\/figure>\n\n\n\n<p><\/p>\n\n\n\n<figure class=\"wp-block-embed is-type-video is-provider-youtube wp-block-embed-youtube wp-embed-aspect-16-9 wp-has-aspect-ratio\"><div class=\"wp-block-embed__wrapper\">\n<iframe loading=\"lazy\" title=\"Gastronom\u00eda de Cuaresma el ajobacalao de V\u00e9lez-M\u00e1laga.\" width=\"500\" height=\"281\" src=\"https:\/\/www.youtube.com\/embed\/kFJxvBWOqwg?feature=oembed\" frameborder=\"0\" allow=\"accelerometer; autoplay; clipboard-write; encrypted-media; gyroscope; picture-in-picture; web-share\" referrerpolicy=\"strict-origin-when-cross-origin\" allowfullscreen><\/iframe>\n<\/div><\/figure>\n\n\n\n<p>Y seguiremos&#8230;.<\/p>\n\n\n\n<figure class=\"wp-block-image size-large\"><img loading=\"lazy\" decoding=\"async\" width=\"1024\" height=\"531\" src=\"https:\/\/www.vivevelez.com\/wp-content\/uploads\/2022\/03\/VV-Blanc-1024x531.jpg\" alt=\"\" class=\"wp-image-784\" srcset=\"https:\/\/www.vivevelez.com\/wp-content\/uploads\/2022\/03\/VV-Blanc-1024x531.jpg 1024w, https:\/\/www.vivevelez.com\/wp-content\/uploads\/2022\/03\/VV-Blanc-300x155.jpg 300w, https:\/\/www.vivevelez.com\/wp-content\/uploads\/2022\/03\/VV-Blanc-768x398.jpg 768w, https:\/\/www.vivevelez.com\/wp-content\/uploads\/2022\/03\/VV-Blanc.jpg 1237w\" sizes=\"auto, (max-width: 1024px) 100vw, 1024px\" \/><\/figure>\n","protected":false},"excerpt":{"rendered":"<p>I Ruta del Ajobacalao V\u00e9lez -M\u00e1laga 2022 I RUTA DEL AJOBACALAO&nbsp;&nbsp;&nbsp;&nbsp; V\u00c9LEZ \u2013 M\u00c1LAGA 2022 La Ruta del Ajobacalao es una iniciativa que busca la promoci\u00f3n de nuestros hosteleros y comercios, en general, junto al m\u00e1s popular y \u00fanico de nuestros platos de Semana Santa y (ya permanentemente), como es el AJOBACALAO VELE\u00d1O. Para ello [&hellip;]<\/p>\n","protected":false},"author":1,"featured_media":763,"comment_status":"open","ping_status":"open","sticky":false,"template":"","format":"standard","meta":{"footnotes":""},"categories":[33,1],"tags":[23,24,27,28,29,25,26],"class_list":["post-760","post","type-post","status-publish","format-standard","has-post-thumbnail","hentry","category-eventos","category-sin-categoria","tag-ajobacalao","tag-comerio","tag-cuaresma","tag-hombres-de-trono","tag-horquilleros","tag-hosteleria","tag-semanasanta"],"yoast_head":"<!-- This site is optimized with the Yoast SEO plugin v27.1.1 - https:\/\/yoast.com\/product\/yoast-seo-wordpress\/ -->\n<title>ruta del ajobacalao, tradicion, patrimonio,gastronomia,semana santa,ajobacalao, cuaresma, gastroarte, hosteler\u00eda, comercio tradicional.<\/title>\n<meta name=\"robots\" content=\"index, follow, max-snippet:-1, max-image-preview:large, max-video-preview:-1\" \/>\n<link rel=\"canonical\" href=\"https:\/\/www.vivevelez.com\/index.php\/2022\/03\/29\/ruta-del-ajobacalao-2022\/\" \/>\n<meta property=\"og:locale\" content=\"es_ES\" \/>\n<meta property=\"og:type\" content=\"article\" \/>\n<meta property=\"og:title\" content=\"ruta del ajobacalao, tradicion, patrimonio,gastronomia,semana santa,ajobacalao, cuaresma, gastroarte, hosteler\u00eda, comercio tradicional.\" \/>\n<meta property=\"og:description\" content=\"I Ruta del Ajobacalao V\u00e9lez -M\u00e1laga 2022 I RUTA DEL AJOBACALAO&nbsp;&nbsp;&nbsp;&nbsp; V\u00c9LEZ \u2013 M\u00c1LAGA 2022 La Ruta del Ajobacalao es una iniciativa que busca la promoci\u00f3n de nuestros hosteleros y comercios, en general, junto al m\u00e1s popular y \u00fanico de nuestros platos de Semana Santa y (ya permanentemente), como es el AJOBACALAO VELE\u00d1O. Para ello [&hellip;]\" \/>\n<meta property=\"og:url\" content=\"https:\/\/www.vivevelez.com\/index.php\/2022\/03\/29\/ruta-del-ajobacalao-2022\/\" \/>\n<meta property=\"og:site_name\" content=\"vivevelez.com\" \/>\n<meta property=\"article:published_time\" content=\"2022-03-29T07:28:24+00:00\" \/>\n<meta property=\"article:modified_time\" content=\"2025-02-11T15:01:13+00:00\" \/>\n<meta property=\"og:image\" content=\"https:\/\/www.vivevelez.com\/wp-content\/uploads\/2022\/03\/cartel-ajobacalao-e1739286070570.jpg\" \/>\n\t<meta property=\"og:image:width\" content=\"465\" \/>\n\t<meta property=\"og:image:height\" content=\"253\" \/>\n\t<meta property=\"og:image:type\" content=\"image\/jpeg\" \/>\n<meta name=\"author\" content=\"admin\" \/>\n<meta name=\"twitter:card\" content=\"summary_large_image\" \/>\n<meta name=\"twitter:label1\" content=\"Escrito por\" \/>\n\t<meta name=\"twitter:data1\" content=\"admin\" \/>\n\t<meta name=\"twitter:label2\" content=\"Tiempo de lectura\" \/>\n\t<meta name=\"twitter:data2\" content=\"5 minutos\" \/>\n<script type=\"application\/ld+json\" class=\"yoast-schema-graph\">{\"@context\":\"https:\/\/schema.org\",\"@graph\":[{\"@type\":\"Article\",\"@id\":\"https:\/\/www.vivevelez.com\/index.php\/2022\/03\/29\/ruta-del-ajobacalao-2022\/#article\",\"isPartOf\":{\"@id\":\"https:\/\/www.vivevelez.com\/index.php\/2022\/03\/29\/ruta-del-ajobacalao-2022\/\"},\"author\":{\"name\":\"admin\",\"@id\":\"https:\/\/www.vivevelez.com\/#\/schema\/person\/047e5b44c2425d65897f0833569c9458\"},\"headline\":\"I ruta del ajobacalao\",\"datePublished\":\"2022-03-29T07:28:24+00:00\",\"dateModified\":\"2025-02-11T15:01:13+00:00\",\"mainEntityOfPage\":{\"@id\":\"https:\/\/www.vivevelez.com\/index.php\/2022\/03\/29\/ruta-del-ajobacalao-2022\/\"},\"wordCount\":373,\"commentCount\":0,\"publisher\":{\"@id\":\"https:\/\/www.vivevelez.com\/#organization\"},\"image\":{\"@id\":\"https:\/\/www.vivevelez.com\/index.php\/2022\/03\/29\/ruta-del-ajobacalao-2022\/#primaryimage\"},\"thumbnailUrl\":\"https:\/\/www.vivevelez.com\/wp-content\/uploads\/2022\/03\/cartel-ajobacalao-e1739286070570.jpg\",\"keywords\":[\"ajobacalao\",\"comerio\",\"cuaresma\",\"hombres de trono\",\"horquilleros.\",\"hosteleria\",\"semanasanta\"],\"articleSection\":[\"Eventos\",\"Sin Categoria\"],\"inLanguage\":\"es\",\"potentialAction\":[{\"@type\":\"CommentAction\",\"name\":\"Comment\",\"target\":[\"https:\/\/www.vivevelez.com\/index.php\/2022\/03\/29\/ruta-del-ajobacalao-2022\/#respond\"]}]},{\"@type\":\"WebPage\",\"@id\":\"https:\/\/www.vivevelez.com\/index.php\/2022\/03\/29\/ruta-del-ajobacalao-2022\/\",\"url\":\"https:\/\/www.vivevelez.com\/index.php\/2022\/03\/29\/ruta-del-ajobacalao-2022\/\",\"name\":\"ruta del ajobacalao, tradicion, patrimonio,gastronomia,semana santa,ajobacalao, cuaresma, gastroarte, hosteler\u00eda, comercio tradicional.\",\"isPartOf\":{\"@id\":\"https:\/\/www.vivevelez.com\/#website\"},\"primaryImageOfPage\":{\"@id\":\"https:\/\/www.vivevelez.com\/index.php\/2022\/03\/29\/ruta-del-ajobacalao-2022\/#primaryimage\"},\"image\":{\"@id\":\"https:\/\/www.vivevelez.com\/index.php\/2022\/03\/29\/ruta-del-ajobacalao-2022\/#primaryimage\"},\"thumbnailUrl\":\"https:\/\/www.vivevelez.com\/wp-content\/uploads\/2022\/03\/cartel-ajobacalao-e1739286070570.jpg\",\"datePublished\":\"2022-03-29T07:28:24+00:00\",\"dateModified\":\"2025-02-11T15:01:13+00:00\",\"breadcrumb\":{\"@id\":\"https:\/\/www.vivevelez.com\/index.php\/2022\/03\/29\/ruta-del-ajobacalao-2022\/#breadcrumb\"},\"inLanguage\":\"es\",\"potentialAction\":[{\"@type\":\"ReadAction\",\"target\":[\"https:\/\/www.vivevelez.com\/index.php\/2022\/03\/29\/ruta-del-ajobacalao-2022\/\"]}]},{\"@type\":\"ImageObject\",\"inLanguage\":\"es\",\"@id\":\"https:\/\/www.vivevelez.com\/index.php\/2022\/03\/29\/ruta-del-ajobacalao-2022\/#primaryimage\",\"url\":\"https:\/\/www.vivevelez.com\/wp-content\/uploads\/2022\/03\/cartel-ajobacalao-e1739286070570.jpg\",\"contentUrl\":\"https:\/\/www.vivevelez.com\/wp-content\/uploads\/2022\/03\/cartel-ajobacalao-e1739286070570.jpg\",\"width\":465,\"height\":253},{\"@type\":\"BreadcrumbList\",\"@id\":\"https:\/\/www.vivevelez.com\/index.php\/2022\/03\/29\/ruta-del-ajobacalao-2022\/#breadcrumb\",\"itemListElement\":[{\"@type\":\"ListItem\",\"position\":1,\"name\":\"Portada\",\"item\":\"https:\/\/www.vivevelez.com\/\"},{\"@type\":\"ListItem\",\"position\":2,\"name\":\"I ruta del ajobacalao\"}]},{\"@type\":\"WebSite\",\"@id\":\"https:\/\/www.vivevelez.com\/#website\",\"url\":\"https:\/\/www.vivevelez.com\/\",\"name\":\"vivevelez.com\",\"description\":\"V&eacute;lez-M&aacute;laga; Historia,Cultura,Gastronom&iacute;a,Arte,Lugares,Oficios,Personajes\",\"publisher\":{\"@id\":\"https:\/\/www.vivevelez.com\/#organization\"},\"potentialAction\":[{\"@type\":\"SearchAction\",\"target\":{\"@type\":\"EntryPoint\",\"urlTemplate\":\"https:\/\/www.vivevelez.com\/?s={search_term_string}\"},\"query-input\":{\"@type\":\"PropertyValueSpecification\",\"valueRequired\":true,\"valueName\":\"search_term_string\"}}],\"inLanguage\":\"es\"},{\"@type\":\"Organization\",\"@id\":\"https:\/\/www.vivevelez.com\/#organization\",\"name\":\"vivevelez.com\",\"url\":\"https:\/\/www.vivevelez.com\/\",\"logo\":{\"@type\":\"ImageObject\",\"inLanguage\":\"es\",\"@id\":\"https:\/\/www.vivevelez.com\/#\/schema\/logo\/image\/\",\"url\":\"https:\/\/www.vivevelez.com\/wp-content\/uploads\/2025\/01\/vive-velez.jpg\",\"contentUrl\":\"https:\/\/www.vivevelez.com\/wp-content\/uploads\/2025\/01\/vive-velez.jpg\",\"width\":1600,\"height\":566,\"caption\":\"vivevelez.com\"},\"image\":{\"@id\":\"https:\/\/www.vivevelez.com\/#\/schema\/logo\/image\/\"}},{\"@type\":\"Person\",\"@id\":\"https:\/\/www.vivevelez.com\/#\/schema\/person\/047e5b44c2425d65897f0833569c9458\",\"name\":\"admin\",\"image\":{\"@type\":\"ImageObject\",\"inLanguage\":\"es\",\"@id\":\"https:\/\/www.vivevelez.com\/#\/schema\/person\/image\/\",\"url\":\"https:\/\/www.vivevelez.com\/wp-content\/litespeed\/avatar\/b5b4d53f9cc33442ffa73d95c6dcb97b.jpg?ver=1777402196\",\"contentUrl\":\"https:\/\/www.vivevelez.com\/wp-content\/litespeed\/avatar\/b5b4d53f9cc33442ffa73d95c6dcb97b.jpg?ver=1777402196\",\"caption\":\"admin\"},\"url\":\"https:\/\/www.vivevelez.com\/index.php\/author\/admin\/\"}]}<\/script>\n<!-- \/ Yoast SEO plugin. -->","yoast_head_json":{"title":"ruta del ajobacalao, tradicion, patrimonio,gastronomia,semana santa,ajobacalao, cuaresma, gastroarte, hosteler\u00eda, comercio tradicional.","robots":{"index":"index","follow":"follow","max-snippet":"max-snippet:-1","max-image-preview":"max-image-preview:large","max-video-preview":"max-video-preview:-1"},"canonical":"https:\/\/www.vivevelez.com\/index.php\/2022\/03\/29\/ruta-del-ajobacalao-2022\/","og_locale":"es_ES","og_type":"article","og_title":"ruta del ajobacalao, tradicion, patrimonio,gastronomia,semana santa,ajobacalao, cuaresma, gastroarte, hosteler\u00eda, comercio tradicional.","og_description":"I Ruta del Ajobacalao V\u00e9lez -M\u00e1laga 2022 I RUTA DEL AJOBACALAO&nbsp;&nbsp;&nbsp;&nbsp; V\u00c9LEZ \u2013 M\u00c1LAGA 2022 La Ruta del Ajobacalao es una iniciativa que busca la promoci\u00f3n de nuestros hosteleros y comercios, en general, junto al m\u00e1s popular y \u00fanico de nuestros platos de Semana Santa y (ya permanentemente), como es el AJOBACALAO VELE\u00d1O. Para ello [&hellip;]","og_url":"https:\/\/www.vivevelez.com\/index.php\/2022\/03\/29\/ruta-del-ajobacalao-2022\/","og_site_name":"vivevelez.com","article_published_time":"2022-03-29T07:28:24+00:00","article_modified_time":"2025-02-11T15:01:13+00:00","og_image":[{"width":465,"height":253,"url":"https:\/\/www.vivevelez.com\/wp-content\/uploads\/2022\/03\/cartel-ajobacalao-e1739286070570.jpg","type":"image\/jpeg"}],"author":"admin","twitter_card":"summary_large_image","twitter_misc":{"Escrito por":"admin","Tiempo de lectura":"5 minutos"},"schema":{"@context":"https:\/\/schema.org","@graph":[{"@type":"Article","@id":"https:\/\/www.vivevelez.com\/index.php\/2022\/03\/29\/ruta-del-ajobacalao-2022\/#article","isPartOf":{"@id":"https:\/\/www.vivevelez.com\/index.php\/2022\/03\/29\/ruta-del-ajobacalao-2022\/"},"author":{"name":"admin","@id":"https:\/\/www.vivevelez.com\/#\/schema\/person\/047e5b44c2425d65897f0833569c9458"},"headline":"I ruta del ajobacalao","datePublished":"2022-03-29T07:28:24+00:00","dateModified":"2025-02-11T15:01:13+00:00","mainEntityOfPage":{"@id":"https:\/\/www.vivevelez.com\/index.php\/2022\/03\/29\/ruta-del-ajobacalao-2022\/"},"wordCount":373,"commentCount":0,"publisher":{"@id":"https:\/\/www.vivevelez.com\/#organization"},"image":{"@id":"https:\/\/www.vivevelez.com\/index.php\/2022\/03\/29\/ruta-del-ajobacalao-2022\/#primaryimage"},"thumbnailUrl":"https:\/\/www.vivevelez.com\/wp-content\/uploads\/2022\/03\/cartel-ajobacalao-e1739286070570.jpg","keywords":["ajobacalao","comerio","cuaresma","hombres de trono","horquilleros.","hosteleria","semanasanta"],"articleSection":["Eventos","Sin Categoria"],"inLanguage":"es","potentialAction":[{"@type":"CommentAction","name":"Comment","target":["https:\/\/www.vivevelez.com\/index.php\/2022\/03\/29\/ruta-del-ajobacalao-2022\/#respond"]}]},{"@type":"WebPage","@id":"https:\/\/www.vivevelez.com\/index.php\/2022\/03\/29\/ruta-del-ajobacalao-2022\/","url":"https:\/\/www.vivevelez.com\/index.php\/2022\/03\/29\/ruta-del-ajobacalao-2022\/","name":"ruta del ajobacalao, tradicion, patrimonio,gastronomia,semana santa,ajobacalao, cuaresma, gastroarte, hosteler\u00eda, comercio tradicional.","isPartOf":{"@id":"https:\/\/www.vivevelez.com\/#website"},"primaryImageOfPage":{"@id":"https:\/\/www.vivevelez.com\/index.php\/2022\/03\/29\/ruta-del-ajobacalao-2022\/#primaryimage"},"image":{"@id":"https:\/\/www.vivevelez.com\/index.php\/2022\/03\/29\/ruta-del-ajobacalao-2022\/#primaryimage"},"thumbnailUrl":"https:\/\/www.vivevelez.com\/wp-content\/uploads\/2022\/03\/cartel-ajobacalao-e1739286070570.jpg","datePublished":"2022-03-29T07:28:24+00:00","dateModified":"2025-02-11T15:01:13+00:00","breadcrumb":{"@id":"https:\/\/www.vivevelez.com\/index.php\/2022\/03\/29\/ruta-del-ajobacalao-2022\/#breadcrumb"},"inLanguage":"es","potentialAction":[{"@type":"ReadAction","target":["https:\/\/www.vivevelez.com\/index.php\/2022\/03\/29\/ruta-del-ajobacalao-2022\/"]}]},{"@type":"ImageObject","inLanguage":"es","@id":"https:\/\/www.vivevelez.com\/index.php\/2022\/03\/29\/ruta-del-ajobacalao-2022\/#primaryimage","url":"https:\/\/www.vivevelez.com\/wp-content\/uploads\/2022\/03\/cartel-ajobacalao-e1739286070570.jpg","contentUrl":"https:\/\/www.vivevelez.com\/wp-content\/uploads\/2022\/03\/cartel-ajobacalao-e1739286070570.jpg","width":465,"height":253},{"@type":"BreadcrumbList","@id":"https:\/\/www.vivevelez.com\/index.php\/2022\/03\/29\/ruta-del-ajobacalao-2022\/#breadcrumb","itemListElement":[{"@type":"ListItem","position":1,"name":"Portada","item":"https:\/\/www.vivevelez.com\/"},{"@type":"ListItem","position":2,"name":"I ruta del ajobacalao"}]},{"@type":"WebSite","@id":"https:\/\/www.vivevelez.com\/#website","url":"https:\/\/www.vivevelez.com\/","name":"vivevelez.com","description":"V&eacute;lez-M&aacute;laga; Historia,Cultura,Gastronom&iacute;a,Arte,Lugares,Oficios,Personajes","publisher":{"@id":"https:\/\/www.vivevelez.com\/#organization"},"potentialAction":[{"@type":"SearchAction","target":{"@type":"EntryPoint","urlTemplate":"https:\/\/www.vivevelez.com\/?s={search_term_string}"},"query-input":{"@type":"PropertyValueSpecification","valueRequired":true,"valueName":"search_term_string"}}],"inLanguage":"es"},{"@type":"Organization","@id":"https:\/\/www.vivevelez.com\/#organization","name":"vivevelez.com","url":"https:\/\/www.vivevelez.com\/","logo":{"@type":"ImageObject","inLanguage":"es","@id":"https:\/\/www.vivevelez.com\/#\/schema\/logo\/image\/","url":"https:\/\/www.vivevelez.com\/wp-content\/uploads\/2025\/01\/vive-velez.jpg","contentUrl":"https:\/\/www.vivevelez.com\/wp-content\/uploads\/2025\/01\/vive-velez.jpg","width":1600,"height":566,"caption":"vivevelez.com"},"image":{"@id":"https:\/\/www.vivevelez.com\/#\/schema\/logo\/image\/"}},{"@type":"Person","@id":"https:\/\/www.vivevelez.com\/#\/schema\/person\/047e5b44c2425d65897f0833569c9458","name":"admin","image":{"@type":"ImageObject","inLanguage":"es","@id":"https:\/\/www.vivevelez.com\/#\/schema\/person\/image\/","url":"https:\/\/www.vivevelez.com\/wp-content\/litespeed\/avatar\/b5b4d53f9cc33442ffa73d95c6dcb97b.jpg?ver=1777402196","contentUrl":"https:\/\/www.vivevelez.com\/wp-content\/litespeed\/avatar\/b5b4d53f9cc33442ffa73d95c6dcb97b.jpg?ver=1777402196","caption":"admin"},"url":"https:\/\/www.vivevelez.com\/index.php\/author\/admin\/"}]}},"_links":{"self":[{"href":"https:\/\/www.vivevelez.com\/index.php\/wp-json\/wp\/v2\/posts\/760","targetHints":{"allow":["GET"]}}],"collection":[{"href":"https:\/\/www.vivevelez.com\/index.php\/wp-json\/wp\/v2\/posts"}],"about":[{"href":"https:\/\/www.vivevelez.com\/index.php\/wp-json\/wp\/v2\/types\/post"}],"author":[{"embeddable":true,"href":"https:\/\/www.vivevelez.com\/index.php\/wp-json\/wp\/v2\/users\/1"}],"replies":[{"embeddable":true,"href":"https:\/\/www.vivevelez.com\/index.php\/wp-json\/wp\/v2\/comments?post=760"}],"version-history":[{"count":6,"href":"https:\/\/www.vivevelez.com\/index.php\/wp-json\/wp\/v2\/posts\/760\/revisions"}],"predecessor-version":[{"id":865,"href":"https:\/\/www.vivevelez.com\/index.php\/wp-json\/wp\/v2\/posts\/760\/revisions\/865"}],"wp:featuredmedia":[{"embeddable":true,"href":"https:\/\/www.vivevelez.com\/index.php\/wp-json\/wp\/v2\/media\/763"}],"wp:attachment":[{"href":"https:\/\/www.vivevelez.com\/index.php\/wp-json\/wp\/v2\/media?parent=760"}],"wp:term":[{"taxonomy":"category","embeddable":true,"href":"https:\/\/www.vivevelez.com\/index.php\/wp-json\/wp\/v2\/categories?post=760"},{"taxonomy":"post_tag","embeddable":true,"href":"https:\/\/www.vivevelez.com\/index.php\/wp-json\/wp\/v2\/tags?post=760"}],"curies":[{"name":"wp","href":"https:\/\/api.w.org\/{rel}","templated":true}]}}