{"id":951,"date":"2025-03-27T08:30:20","date_gmt":"2025-03-27T08:30:20","guid":{"rendered":"https:\/\/www.vivevelez.com\/?p=951"},"modified":"2025-04-01T07:14:21","modified_gmt":"2025-04-01T07:14:21","slug":"ii-ruta-del-ajobacalao-velez-malaga-2025","status":"publish","type":"post","link":"https:\/\/www.vivevelez.com\/index.php\/2025\/03\/27\/ii-ruta-del-ajobacalao-velez-malaga-2025\/","title":{"rendered":"II Ruta del Ajobacalao V\u00e9lez-M\u00e1laga  2025"},"content":{"rendered":"\n<figure class=\"wp-block-image size-large\"><img loading=\"lazy\" decoding=\"async\" width=\"740\" height=\"1024\" src=\"https:\/\/www.vivevelez.com\/wp-content\/uploads\/2025\/03\/CARTEL-AJOBACALAO-filo-740x1024.png\" alt=\"\" class=\"wp-image-958\" srcset=\"https:\/\/www.vivevelez.com\/wp-content\/uploads\/2025\/03\/CARTEL-AJOBACALAO-filo-740x1024.png 740w, https:\/\/www.vivevelez.com\/wp-content\/uploads\/2025\/03\/CARTEL-AJOBACALAO-filo-217x300.png 217w, https:\/\/www.vivevelez.com\/wp-content\/uploads\/2025\/03\/CARTEL-AJOBACALAO-filo-768x1062.png 768w, https:\/\/www.vivevelez.com\/wp-content\/uploads\/2025\/03\/CARTEL-AJOBACALAO-filo-1111x1536.png 1111w, https:\/\/www.vivevelez.com\/wp-content\/uploads\/2025\/03\/CARTEL-AJOBACALAO-filo-1481x2048.png 1481w, https:\/\/www.vivevelez.com\/wp-content\/uploads\/2025\/03\/CARTEL-AJOBACALAO-filo.png 1703w\" sizes=\"auto, (max-width: 740px) 100vw, 740px\" \/><\/figure>\n\n\n\n<h2 class=\"wp-block-heading\">II Ruta del Ajobacalao<\/h2>\n\n\n\n<p><\/p>\n\n\n\n<p>La Ruta del Ajobacalao es una iniciativa que busca promover a nuestros hosteleros y comercios, en general, junto al plato m\u00e1s popular y \u00fanico de nuestra Semana Santa \u2014y ya tambi\u00e9n de forma permanente\u2014: el ajobacalao vele\u00f1o.<\/p>\n\n\n\n<p>Para ello, nos hemos unido la Delegaci\u00f3n de Comercio del Ayuntamiento de V\u00e9lez-M\u00e1laga, la Asociaci\u00f3n ViveV\u00e9lez y Axarqu\u00eda Me Gusta, con el objetivo de ampliar el alcance y lograr una mayor difusi\u00f3n de esta actividad, que al final es lo que verdaderamente importa.<\/p>\n\n\n\n<p>\u00bfEn qu\u00e9 consiste la Ruta del Ajobacalao?<\/p>\n\n\n\n<p>La ruta cuenta con varias l\u00edneas de promoci\u00f3n y participaci\u00f3n:<\/p>\n\n\n\n<p><strong>1. PROMOCI\u00d3N GRATUITA DE COMERCIOS<\/strong><\/p>\n\n\n\n<p>Todos los comercios que deseen participar (tiendas de alimentaci\u00f3n, carnicer\u00edas, bares, restaurantes, etc.) podr\u00e1n hacerlo de forma gratuita. Ser\u00e1n promocionados en nuestras redes sociales, donde aparecer\u00e1n sus productos y datos de contacto.<\/p>\n\n\n\n<p>\u00bfC\u00f3mo participar?<\/p>\n\n\n\n<p>Sube una foto y etiqu\u00e9tanos en Facebook o Instagramcon los hashtags:<\/p>\n\n\n\n<p>#ViveVelez y #AxarquiaMgusta. \u00a1Te promocionamos GRATIS!<\/p>\n\n\n\n<p><strong>2. CONCURSO DE FOTOGRAF\u00cdA<\/strong><\/p>\n\n\n\n<p>Env\u00eda una fotograf\u00eda original de tu ajobacalao: en casa, en tu cofrad\u00eda, en el bar o en la tienda\u2026 \u00a1donde t\u00fa quieras!<\/p>\n\n\n\n<p>Premios:<\/p>\n\n\n\n<p>&#8211; 200 \u20ac a la mejor foto de Ajobacalao en Comercio<\/p>\n\n\n\n<p>&#8211; 100 \u20ac a la mejor foto de Ajobacalao Art\u00edstica<\/p>\n\n\n\n<p>\u00bfD\u00f3nde enviar tu foto o v\u00eddeo?<\/p>\n\n\n\n<p>&#8211; WhatsApp: 664 601 819 (si eres un negocio, incluye tambi\u00e9n la direcci\u00f3n para promocionarte)<\/p>\n\n\n\n<p>&#8211; Email:<a href=\"clubvivevelez@gmail.com\"> clubvivevelez@gmail.com<\/a><\/p>\n\n\n\n<p>Asunto del mensaje: \u00abConcurso Comercio\u00bb o \u00abConcurso Art\u00edstico\u00bb<\/p>\n\n\n\n<p>Solo se permite una foto por persona y por categor\u00eda.<\/p>\n\n\n\n<p>NOTA:<\/p>\n\n\n\n<p>El jurado estar\u00e1 formado por profesionales del \u00e1mbito digital, representantes de la Semana Santa vele\u00f1a y organizadores de la ruta. El veredicto se comunicar\u00e1 directamente a los ganadores en los 10 d\u00edas posteriores a la finalizaci\u00f3n del concurso, y se publicar\u00e1 en redes sociales y en la web de ViveV\u00e9lez.<\/p>\n\n\n\n<p>TODAS LAS FOTOS EN; <a href=\"https:\/\/www.facebook.com\/groups\/239096672845186\">https:\/\/www.facebook.com\/groups\/239096672845186<\/a><\/p>\n\n\n\n<p>#vivevelez10aniversario #velezmalaga #ajobacalao #ajobacalaovele\u00f1o #vivevelez #comerciolocal #vivavelez #velezensemanasanta #semanasantavele\u00f1a #semanasanta<\/p>\n\n\n\n<figure class=\"wp-block-image size-large\"><img loading=\"lazy\" decoding=\"async\" width=\"1024\" height=\"362\" src=\"https:\/\/www.vivevelez.com\/wp-content\/uploads\/2025\/03\/logo-antigua-1024x362.jpg\" alt=\"\" class=\"wp-image-953\" srcset=\"https:\/\/www.vivevelez.com\/wp-content\/uploads\/2025\/03\/logo-antigua-1024x362.jpg 1024w, https:\/\/www.vivevelez.com\/wp-content\/uploads\/2025\/03\/logo-antigua-300x106.jpg 300w, https:\/\/www.vivevelez.com\/wp-content\/uploads\/2025\/03\/logo-antigua-768x272.jpg 768w, https:\/\/www.vivevelez.com\/wp-content\/uploads\/2025\/03\/logo-antigua-1536x543.jpg 1536w, https:\/\/www.vivevelez.com\/wp-content\/uploads\/2025\/03\/logo-antigua.jpg 1600w\" sizes=\"auto, (max-width: 1024px) 100vw, 1024px\" \/><\/figure>\n","protected":false},"excerpt":{"rendered":"<p>II Ruta del Ajobacalao La Ruta del Ajobacalao es una iniciativa que busca promover a nuestros hosteleros y comercios, en general, junto al plato m\u00e1s popular y \u00fanico de nuestra Semana Santa \u2014y ya tambi\u00e9n de forma permanente\u2014: el ajobacalao vele\u00f1o. Para ello, nos hemos unido la Delegaci\u00f3n de Comercio del Ayuntamiento de V\u00e9lez-M\u00e1laga, la [&hellip;]<\/p>\n","protected":false},"author":1,"featured_media":955,"comment_status":"open","ping_status":"open","sticky":false,"template":"","format":"standard","meta":{"footnotes":""},"categories":[1],"tags":[23,9,28,29,13,26,18,8,5],"class_list":["post-951","post","type-post","status-publish","format-standard","has-post-thumbnail","hentry","category-sin-categoria","tag-ajobacalao","tag-cultura","tag-hombres-de-trono","tag-horquilleros","tag-malaga","tag-semanasanta","tag-tradicion","tag-turismo","tag-velezmalaga"],"yoast_head":"<!-- This site is optimized with the Yoast SEO plugin v27.1.1 - https:\/\/yoast.com\/product\/yoast-seo-wordpress\/ -->\n<title>II Ruta del Ajobacalao V\u00e9lez-M\u00e1laga 2025 - vivevelez.com<\/title>\n<meta name=\"robots\" content=\"index, follow, max-snippet:-1, max-image-preview:large, max-video-preview:-1\" \/>\n<link rel=\"canonical\" href=\"https:\/\/www.vivevelez.com\/index.php\/2025\/03\/27\/ii-ruta-del-ajobacalao-velez-malaga-2025\/\" \/>\n<meta property=\"og:locale\" content=\"es_ES\" \/>\n<meta property=\"og:type\" content=\"article\" \/>\n<meta property=\"og:title\" content=\"II Ruta del Ajobacalao V\u00e9lez-M\u00e1laga 2025 - vivevelez.com\" \/>\n<meta property=\"og:description\" content=\"II Ruta del Ajobacalao La Ruta del Ajobacalao es una iniciativa que busca promover a nuestros hosteleros y comercios, en general, junto al plato m\u00e1s popular y \u00fanico de nuestra Semana Santa \u2014y ya tambi\u00e9n de forma permanente\u2014: el ajobacalao vele\u00f1o. Para ello, nos hemos unido la Delegaci\u00f3n de Comercio del Ayuntamiento de V\u00e9lez-M\u00e1laga, la [&hellip;]\" \/>\n<meta property=\"og:url\" content=\"https:\/\/www.vivevelez.com\/index.php\/2025\/03\/27\/ii-ruta-del-ajobacalao-velez-malaga-2025\/\" \/>\n<meta property=\"og:site_name\" content=\"vivevelez.com\" \/>\n<meta property=\"article:published_time\" content=\"2025-03-27T08:30:20+00:00\" \/>\n<meta property=\"article:modified_time\" content=\"2025-04-01T07:14:21+00:00\" \/>\n<meta property=\"og:image\" content=\"https:\/\/www.vivevelez.com\/wp-content\/uploads\/2025\/03\/CARTEL-AJOBACALAO-11-1024x787.png\" \/>\n\t<meta property=\"og:image:width\" content=\"1024\" \/>\n\t<meta property=\"og:image:height\" content=\"787\" \/>\n\t<meta property=\"og:image:type\" content=\"image\/png\" \/>\n<meta name=\"author\" content=\"admin\" \/>\n<meta name=\"twitter:card\" content=\"summary_large_image\" \/>\n<meta name=\"twitter:label1\" content=\"Escrito por\" \/>\n\t<meta name=\"twitter:data1\" content=\"admin\" \/>\n\t<meta name=\"twitter:label2\" content=\"Tiempo de lectura\" \/>\n\t<meta name=\"twitter:data2\" content=\"3 minutos\" \/>\n<script type=\"application\/ld+json\" class=\"yoast-schema-graph\">{\"@context\":\"https:\/\/schema.org\",\"@graph\":[{\"@type\":\"Article\",\"@id\":\"https:\/\/www.vivevelez.com\/index.php\/2025\/03\/27\/ii-ruta-del-ajobacalao-velez-malaga-2025\/#article\",\"isPartOf\":{\"@id\":\"https:\/\/www.vivevelez.com\/index.php\/2025\/03\/27\/ii-ruta-del-ajobacalao-velez-malaga-2025\/\"},\"author\":{\"name\":\"admin\",\"@id\":\"https:\/\/www.vivevelez.com\/#\/schema\/person\/047e5b44c2425d65897f0833569c9458\"},\"headline\":\"II Ruta del Ajobacalao V\u00e9lez-M\u00e1laga 2025\",\"datePublished\":\"2025-03-27T08:30:20+00:00\",\"dateModified\":\"2025-04-01T07:14:21+00:00\",\"mainEntityOfPage\":{\"@id\":\"https:\/\/www.vivevelez.com\/index.php\/2025\/03\/27\/ii-ruta-del-ajobacalao-velez-malaga-2025\/\"},\"wordCount\":355,\"commentCount\":0,\"publisher\":{\"@id\":\"https:\/\/www.vivevelez.com\/#organization\"},\"image\":{\"@id\":\"https:\/\/www.vivevelez.com\/index.php\/2025\/03\/27\/ii-ruta-del-ajobacalao-velez-malaga-2025\/#primaryimage\"},\"thumbnailUrl\":\"https:\/\/www.vivevelez.com\/wp-content\/uploads\/2025\/03\/CARTEL-AJOBACALAO-11.png\",\"keywords\":[\"ajobacalao\",\"cultura\",\"hombres de trono\",\"horquilleros.\",\"malaga\",\"semanasanta\",\"tradici\u00f3n\",\"turismo\",\"velezmalaga\"],\"articleSection\":[\"Sin Categoria\"],\"inLanguage\":\"es\",\"potentialAction\":[{\"@type\":\"CommentAction\",\"name\":\"Comment\",\"target\":[\"https:\/\/www.vivevelez.com\/index.php\/2025\/03\/27\/ii-ruta-del-ajobacalao-velez-malaga-2025\/#respond\"]}]},{\"@type\":\"WebPage\",\"@id\":\"https:\/\/www.vivevelez.com\/index.php\/2025\/03\/27\/ii-ruta-del-ajobacalao-velez-malaga-2025\/\",\"url\":\"https:\/\/www.vivevelez.com\/index.php\/2025\/03\/27\/ii-ruta-del-ajobacalao-velez-malaga-2025\/\",\"name\":\"II Ruta del Ajobacalao V\u00e9lez-M\u00e1laga 2025 - vivevelez.com\",\"isPartOf\":{\"@id\":\"https:\/\/www.vivevelez.com\/#website\"},\"primaryImageOfPage\":{\"@id\":\"https:\/\/www.vivevelez.com\/index.php\/2025\/03\/27\/ii-ruta-del-ajobacalao-velez-malaga-2025\/#primaryimage\"},\"image\":{\"@id\":\"https:\/\/www.vivevelez.com\/index.php\/2025\/03\/27\/ii-ruta-del-ajobacalao-velez-malaga-2025\/#primaryimage\"},\"thumbnailUrl\":\"https:\/\/www.vivevelez.com\/wp-content\/uploads\/2025\/03\/CARTEL-AJOBACALAO-11.png\",\"datePublished\":\"2025-03-27T08:30:20+00:00\",\"dateModified\":\"2025-04-01T07:14:21+00:00\",\"breadcrumb\":{\"@id\":\"https:\/\/www.vivevelez.com\/index.php\/2025\/03\/27\/ii-ruta-del-ajobacalao-velez-malaga-2025\/#breadcrumb\"},\"inLanguage\":\"es\",\"potentialAction\":[{\"@type\":\"ReadAction\",\"target\":[\"https:\/\/www.vivevelez.com\/index.php\/2025\/03\/27\/ii-ruta-del-ajobacalao-velez-malaga-2025\/\"]}]},{\"@type\":\"ImageObject\",\"inLanguage\":\"es\",\"@id\":\"https:\/\/www.vivevelez.com\/index.php\/2025\/03\/27\/ii-ruta-del-ajobacalao-velez-malaga-2025\/#primaryimage\",\"url\":\"https:\/\/www.vivevelez.com\/wp-content\/uploads\/2025\/03\/CARTEL-AJOBACALAO-11.png\",\"contentUrl\":\"https:\/\/www.vivevelez.com\/wp-content\/uploads\/2025\/03\/CARTEL-AJOBACALAO-11.png\",\"width\":1592,\"height\":1224},{\"@type\":\"BreadcrumbList\",\"@id\":\"https:\/\/www.vivevelez.com\/index.php\/2025\/03\/27\/ii-ruta-del-ajobacalao-velez-malaga-2025\/#breadcrumb\",\"itemListElement\":[{\"@type\":\"ListItem\",\"position\":1,\"name\":\"Portada\",\"item\":\"https:\/\/www.vivevelez.com\/\"},{\"@type\":\"ListItem\",\"position\":2,\"name\":\"II Ruta del Ajobacalao V\u00e9lez-M\u00e1laga 2025\"}]},{\"@type\":\"WebSite\",\"@id\":\"https:\/\/www.vivevelez.com\/#website\",\"url\":\"https:\/\/www.vivevelez.com\/\",\"name\":\"vivevelez.com\",\"description\":\"V&eacute;lez-M&aacute;laga; Historia,Cultura,Gastronom&iacute;a,Arte,Lugares,Oficios,Personajes\",\"publisher\":{\"@id\":\"https:\/\/www.vivevelez.com\/#organization\"},\"potentialAction\":[{\"@type\":\"SearchAction\",\"target\":{\"@type\":\"EntryPoint\",\"urlTemplate\":\"https:\/\/www.vivevelez.com\/?s={search_term_string}\"},\"query-input\":{\"@type\":\"PropertyValueSpecification\",\"valueRequired\":true,\"valueName\":\"search_term_string\"}}],\"inLanguage\":\"es\"},{\"@type\":\"Organization\",\"@id\":\"https:\/\/www.vivevelez.com\/#organization\",\"name\":\"vivevelez.com\",\"url\":\"https:\/\/www.vivevelez.com\/\",\"logo\":{\"@type\":\"ImageObject\",\"inLanguage\":\"es\",\"@id\":\"https:\/\/www.vivevelez.com\/#\/schema\/logo\/image\/\",\"url\":\"https:\/\/www.vivevelez.com\/wp-content\/uploads\/2025\/01\/vive-velez.jpg\",\"contentUrl\":\"https:\/\/www.vivevelez.com\/wp-content\/uploads\/2025\/01\/vive-velez.jpg\",\"width\":1600,\"height\":566,\"caption\":\"vivevelez.com\"},\"image\":{\"@id\":\"https:\/\/www.vivevelez.com\/#\/schema\/logo\/image\/\"}},{\"@type\":\"Person\",\"@id\":\"https:\/\/www.vivevelez.com\/#\/schema\/person\/047e5b44c2425d65897f0833569c9458\",\"name\":\"admin\",\"image\":{\"@type\":\"ImageObject\",\"inLanguage\":\"es\",\"@id\":\"https:\/\/www.vivevelez.com\/#\/schema\/person\/image\/\",\"url\":\"https:\/\/www.vivevelez.com\/wp-content\/litespeed\/avatar\/b5b4d53f9cc33442ffa73d95c6dcb97b.jpg?ver=1777402196\",\"contentUrl\":\"https:\/\/www.vivevelez.com\/wp-content\/litespeed\/avatar\/b5b4d53f9cc33442ffa73d95c6dcb97b.jpg?ver=1777402196\",\"caption\":\"admin\"},\"url\":\"https:\/\/www.vivevelez.com\/index.php\/author\/admin\/\"}]}<\/script>\n<!-- \/ Yoast SEO plugin. -->","yoast_head_json":{"title":"II Ruta del Ajobacalao V\u00e9lez-M\u00e1laga 2025 - vivevelez.com","robots":{"index":"index","follow":"follow","max-snippet":"max-snippet:-1","max-image-preview":"max-image-preview:large","max-video-preview":"max-video-preview:-1"},"canonical":"https:\/\/www.vivevelez.com\/index.php\/2025\/03\/27\/ii-ruta-del-ajobacalao-velez-malaga-2025\/","og_locale":"es_ES","og_type":"article","og_title":"II Ruta del Ajobacalao V\u00e9lez-M\u00e1laga 2025 - vivevelez.com","og_description":"II Ruta del Ajobacalao La Ruta del Ajobacalao es una iniciativa que busca promover a nuestros hosteleros y comercios, en general, junto al plato m\u00e1s popular y \u00fanico de nuestra Semana Santa \u2014y ya tambi\u00e9n de forma permanente\u2014: el ajobacalao vele\u00f1o. Para ello, nos hemos unido la Delegaci\u00f3n de Comercio del Ayuntamiento de V\u00e9lez-M\u00e1laga, la [&hellip;]","og_url":"https:\/\/www.vivevelez.com\/index.php\/2025\/03\/27\/ii-ruta-del-ajobacalao-velez-malaga-2025\/","og_site_name":"vivevelez.com","article_published_time":"2025-03-27T08:30:20+00:00","article_modified_time":"2025-04-01T07:14:21+00:00","og_image":[{"width":1024,"height":787,"url":"https:\/\/www.vivevelez.com\/wp-content\/uploads\/2025\/03\/CARTEL-AJOBACALAO-11-1024x787.png","type":"image\/png"}],"author":"admin","twitter_card":"summary_large_image","twitter_misc":{"Escrito por":"admin","Tiempo de lectura":"3 minutos"},"schema":{"@context":"https:\/\/schema.org","@graph":[{"@type":"Article","@id":"https:\/\/www.vivevelez.com\/index.php\/2025\/03\/27\/ii-ruta-del-ajobacalao-velez-malaga-2025\/#article","isPartOf":{"@id":"https:\/\/www.vivevelez.com\/index.php\/2025\/03\/27\/ii-ruta-del-ajobacalao-velez-malaga-2025\/"},"author":{"name":"admin","@id":"https:\/\/www.vivevelez.com\/#\/schema\/person\/047e5b44c2425d65897f0833569c9458"},"headline":"II Ruta del Ajobacalao V\u00e9lez-M\u00e1laga 2025","datePublished":"2025-03-27T08:30:20+00:00","dateModified":"2025-04-01T07:14:21+00:00","mainEntityOfPage":{"@id":"https:\/\/www.vivevelez.com\/index.php\/2025\/03\/27\/ii-ruta-del-ajobacalao-velez-malaga-2025\/"},"wordCount":355,"commentCount":0,"publisher":{"@id":"https:\/\/www.vivevelez.com\/#organization"},"image":{"@id":"https:\/\/www.vivevelez.com\/index.php\/2025\/03\/27\/ii-ruta-del-ajobacalao-velez-malaga-2025\/#primaryimage"},"thumbnailUrl":"https:\/\/www.vivevelez.com\/wp-content\/uploads\/2025\/03\/CARTEL-AJOBACALAO-11.png","keywords":["ajobacalao","cultura","hombres de trono","horquilleros.","malaga","semanasanta","tradici\u00f3n","turismo","velezmalaga"],"articleSection":["Sin Categoria"],"inLanguage":"es","potentialAction":[{"@type":"CommentAction","name":"Comment","target":["https:\/\/www.vivevelez.com\/index.php\/2025\/03\/27\/ii-ruta-del-ajobacalao-velez-malaga-2025\/#respond"]}]},{"@type":"WebPage","@id":"https:\/\/www.vivevelez.com\/index.php\/2025\/03\/27\/ii-ruta-del-ajobacalao-velez-malaga-2025\/","url":"https:\/\/www.vivevelez.com\/index.php\/2025\/03\/27\/ii-ruta-del-ajobacalao-velez-malaga-2025\/","name":"II Ruta del Ajobacalao V\u00e9lez-M\u00e1laga 2025 - vivevelez.com","isPartOf":{"@id":"https:\/\/www.vivevelez.com\/#website"},"primaryImageOfPage":{"@id":"https:\/\/www.vivevelez.com\/index.php\/2025\/03\/27\/ii-ruta-del-ajobacalao-velez-malaga-2025\/#primaryimage"},"image":{"@id":"https:\/\/www.vivevelez.com\/index.php\/2025\/03\/27\/ii-ruta-del-ajobacalao-velez-malaga-2025\/#primaryimage"},"thumbnailUrl":"https:\/\/www.vivevelez.com\/wp-content\/uploads\/2025\/03\/CARTEL-AJOBACALAO-11.png","datePublished":"2025-03-27T08:30:20+00:00","dateModified":"2025-04-01T07:14:21+00:00","breadcrumb":{"@id":"https:\/\/www.vivevelez.com\/index.php\/2025\/03\/27\/ii-ruta-del-ajobacalao-velez-malaga-2025\/#breadcrumb"},"inLanguage":"es","potentialAction":[{"@type":"ReadAction","target":["https:\/\/www.vivevelez.com\/index.php\/2025\/03\/27\/ii-ruta-del-ajobacalao-velez-malaga-2025\/"]}]},{"@type":"ImageObject","inLanguage":"es","@id":"https:\/\/www.vivevelez.com\/index.php\/2025\/03\/27\/ii-ruta-del-ajobacalao-velez-malaga-2025\/#primaryimage","url":"https:\/\/www.vivevelez.com\/wp-content\/uploads\/2025\/03\/CARTEL-AJOBACALAO-11.png","contentUrl":"https:\/\/www.vivevelez.com\/wp-content\/uploads\/2025\/03\/CARTEL-AJOBACALAO-11.png","width":1592,"height":1224},{"@type":"BreadcrumbList","@id":"https:\/\/www.vivevelez.com\/index.php\/2025\/03\/27\/ii-ruta-del-ajobacalao-velez-malaga-2025\/#breadcrumb","itemListElement":[{"@type":"ListItem","position":1,"name":"Portada","item":"https:\/\/www.vivevelez.com\/"},{"@type":"ListItem","position":2,"name":"II Ruta del Ajobacalao V\u00e9lez-M\u00e1laga 2025"}]},{"@type":"WebSite","@id":"https:\/\/www.vivevelez.com\/#website","url":"https:\/\/www.vivevelez.com\/","name":"vivevelez.com","description":"V&eacute;lez-M&aacute;laga; Historia,Cultura,Gastronom&iacute;a,Arte,Lugares,Oficios,Personajes","publisher":{"@id":"https:\/\/www.vivevelez.com\/#organization"},"potentialAction":[{"@type":"SearchAction","target":{"@type":"EntryPoint","urlTemplate":"https:\/\/www.vivevelez.com\/?s={search_term_string}"},"query-input":{"@type":"PropertyValueSpecification","valueRequired":true,"valueName":"search_term_string"}}],"inLanguage":"es"},{"@type":"Organization","@id":"https:\/\/www.vivevelez.com\/#organization","name":"vivevelez.com","url":"https:\/\/www.vivevelez.com\/","logo":{"@type":"ImageObject","inLanguage":"es","@id":"https:\/\/www.vivevelez.com\/#\/schema\/logo\/image\/","url":"https:\/\/www.vivevelez.com\/wp-content\/uploads\/2025\/01\/vive-velez.jpg","contentUrl":"https:\/\/www.vivevelez.com\/wp-content\/uploads\/2025\/01\/vive-velez.jpg","width":1600,"height":566,"caption":"vivevelez.com"},"image":{"@id":"https:\/\/www.vivevelez.com\/#\/schema\/logo\/image\/"}},{"@type":"Person","@id":"https:\/\/www.vivevelez.com\/#\/schema\/person\/047e5b44c2425d65897f0833569c9458","name":"admin","image":{"@type":"ImageObject","inLanguage":"es","@id":"https:\/\/www.vivevelez.com\/#\/schema\/person\/image\/","url":"https:\/\/www.vivevelez.com\/wp-content\/litespeed\/avatar\/b5b4d53f9cc33442ffa73d95c6dcb97b.jpg?ver=1777402196","contentUrl":"https:\/\/www.vivevelez.com\/wp-content\/litespeed\/avatar\/b5b4d53f9cc33442ffa73d95c6dcb97b.jpg?ver=1777402196","caption":"admin"},"url":"https:\/\/www.vivevelez.com\/index.php\/author\/admin\/"}]}},"_links":{"self":[{"href":"https:\/\/www.vivevelez.com\/index.php\/wp-json\/wp\/v2\/posts\/951","targetHints":{"allow":["GET"]}}],"collection":[{"href":"https:\/\/www.vivevelez.com\/index.php\/wp-json\/wp\/v2\/posts"}],"about":[{"href":"https:\/\/www.vivevelez.com\/index.php\/wp-json\/wp\/v2\/types\/post"}],"author":[{"embeddable":true,"href":"https:\/\/www.vivevelez.com\/index.php\/wp-json\/wp\/v2\/users\/1"}],"replies":[{"embeddable":true,"href":"https:\/\/www.vivevelez.com\/index.php\/wp-json\/wp\/v2\/comments?post=951"}],"version-history":[{"count":4,"href":"https:\/\/www.vivevelez.com\/index.php\/wp-json\/wp\/v2\/posts\/951\/revisions"}],"predecessor-version":[{"id":961,"href":"https:\/\/www.vivevelez.com\/index.php\/wp-json\/wp\/v2\/posts\/951\/revisions\/961"}],"wp:featuredmedia":[{"embeddable":true,"href":"https:\/\/www.vivevelez.com\/index.php\/wp-json\/wp\/v2\/media\/955"}],"wp:attachment":[{"href":"https:\/\/www.vivevelez.com\/index.php\/wp-json\/wp\/v2\/media?parent=951"}],"wp:term":[{"taxonomy":"category","embeddable":true,"href":"https:\/\/www.vivevelez.com\/index.php\/wp-json\/wp\/v2\/categories?post=951"},{"taxonomy":"post_tag","embeddable":true,"href":"https:\/\/www.vivevelez.com\/index.php\/wp-json\/wp\/v2\/tags?post=951"}],"curies":[{"name":"wp","href":"https:\/\/api.w.org\/{rel}","templated":true}]}}